{"id":1474,"date":"2013-09-10T00:00:00","date_gmt":"2013-09-10T03:00:00","guid":{"rendered":"https:\/\/hostnetart.com.br\/baixada\/juros-cobrados-pelos-bancos-aumentam-em-setembro-indica-procon-sp\/"},"modified":"2013-09-10T00:00:00","modified_gmt":"2013-09-10T03:00:00","slug":"juros-cobrados-pelos-bancos-aumentam-em-setembro-indica-procon-sp","status":"publish","type":"post","link":"https:\/\/hostnetart.com.br\/baixada\/juros-cobrados-pelos-bancos-aumentam-em-setembro-indica-procon-sp\/","title":{"rendered":"Juros cobrados pelos bancos aumentam em setembro, indica Procon-SP"},"content":{"rendered":"<p>Os principais bancos do pa\u00eds iniciaram setembro cobrando mais caro para conceder cr\u00e9dito por meio de empr\u00e9stimo pessoal e cheque especial. De acordo com a pesquisa da Funda\u00e7\u00e3o Procon-SP, nos dois casos, o reajuste acompanhou o movimento de alta da taxa b\u00e1sica de juros, a Selic.<\/p>\n<p>\u00a0<\/p>\n<p>Na m\u00e9dia, o valor contratado em opera\u00e7\u00f5es de empr\u00e9stimo pessoal para um per\u00edodo de 12 meses teve como base de corre\u00e7\u00e3o 5,27% ao m\u00eas, taxa maior do que a verificada em agosto (5,24%).<\/p>\n<p>\u00a0<\/p>\n<p>Entre sete institui\u00e7\u00f5es financeiras pesquisadas, a Caixa Econ\u00f4mica Federal foi a que fixou a menor taxa, de 3,51%, seguida pelo Banco do Brasil (4,46% ante 4,36%), o equivalente a uma alta de 2,29% sobre agosto \u00faltimo.<\/p>\n<p>\u00a0<\/p>\n<p>Ocorreram ainda pequenas eleva\u00e7\u00f5es nos seguintes bancos: Santander (5,99% ante 5,91%) ou 1,35% acima do cobrado em agosto; no Bradesco (6,27% ante 6,23%) com alta de 0,64%. J\u00e1 no Safra, foi mantido em 4,90%; no HSBC (5,77%) e, no Ita\u00fa, (6,02%).<\/p>\n<p>\u00a0<\/p>\n<p>Em rela\u00e7\u00e3o ao cr\u00e9dito do cheque especial, o \u00edndice para o per\u00edodo de 30 dias subiu para 8,03%, ante 7,98% em agosto. A menor taxa foi encontrada tamb\u00e9m na Caixa (4,41%, ante 4,27%) e a maior, no Santander (10,09% ante 9,99%), com aumento de 1%.<\/p>\n<p>\u00a0<\/p>\n<p>No Banco do Brasil, o correntista passou a pagar 6,02% pela utiliza\u00e7\u00e3o desse dinheiro, ante uma taxa anterior de 5,91%, o que significa uma eleva\u00e7\u00e3o de 1,86%. No Bradesco, o custo do cr\u00e9dito do cheque especial subiu de 8,86% para 8,90% ao m\u00eas, com alta de 0,45% sobre agosto. Nos demais bancos n\u00e3o houve altera\u00e7\u00e3o.<\/p>\n<p>\u00a0<\/p>\n<p>A Funda\u00e7\u00e3o Procon lembra que, na reuni\u00e3o do Comit\u00ea de Pol\u00edtica Monet\u00e1ria (Copom), entre os dias 27 e 28 de agosto, as autoridades monet\u00e1rias elevaram a taxa b\u00e1sica de juros, a Selic, de 8,50% para 9% ao ano, na quarta alta consecutiva.<\/p>\n<p>\u00a0<\/p>\n<p>O Procon-SP acrescenta ainda que a ata do Copom sinalizou tend\u00eancia de alta dos juros. A pr\u00f3xima reuni\u00e3o do Copom est\u00e1 marcada para os dias 8 e 9 de outubro.<\/p>\n<p>\u00a0<\/p>\n<p>Fonte: Marli Moreira \u2013 Ag\u00eancia Brasil<\/p>\n","protected":false},"excerpt":{"rendered":"<p>Os principais bancos do pa\u00eds iniciaram setembro cobrando mais caro para conceder cr\u00e9dito por meio de empr\u00e9stimo pessoal e cheque especial. De acordo com a pesquisa da Funda\u00e7\u00e3o Procon-SP, nos dois casos, o reajuste acompanhou o movimento de alta da taxa b\u00e1sica de juros, a Selic. \u00a0 Na m\u00e9dia, o valor contratado em opera\u00e7\u00f5es de [&hellip;]<\/p>\n","protected":false},"author":1,"featured_media":0,"comment_status":"","ping_status":"","sticky":false,"template":"","format":"standard","meta":{"footnotes":""},"categories":[3],"tags":[],"class_list":["post-1474","post","type-post","status-publish","format-standard","hentry","category-noticias"],"_links":{"self":[{"href":"https:\/\/hostnetart.com.br\/baixada\/wp-json\/wp\/v2\/posts\/1474","targetHints":{"allow":["GET"]}}],"collection":[{"href":"https:\/\/hostnetart.com.br\/baixada\/wp-json\/wp\/v2\/posts"}],"about":[{"href":"https:\/\/hostnetart.com.br\/baixada\/wp-json\/wp\/v2\/types\/post"}],"author":[{"embeddable":true,"href":"https:\/\/hostnetart.com.br\/baixada\/wp-json\/wp\/v2\/users\/1"}],"replies":[{"embeddable":true,"href":"https:\/\/hostnetart.com.br\/baixada\/wp-json\/wp\/v2\/comments?post=1474"}],"version-history":[{"count":0,"href":"https:\/\/hostnetart.com.br\/baixada\/wp-json\/wp\/v2\/posts\/1474\/revisions"}],"wp:attachment":[{"href":"https:\/\/hostnetart.com.br\/baixada\/wp-json\/wp\/v2\/media?parent=1474"}],"wp:term":[{"taxonomy":"category","embeddable":true,"href":"https:\/\/hostnetart.com.br\/baixada\/wp-json\/wp\/v2\/categories?post=1474"},{"taxonomy":"post_tag","embeddable":true,"href":"https:\/\/hostnetart.com.br\/baixada\/wp-json\/wp\/v2\/tags?post=1474"}],"curies":[{"name":"wp","href":"https:\/\/api.w.org\/{rel}","templated":true}]}}