{"id":14735,"date":"2023-11-10T22:44:01","date_gmt":"2023-11-11T01:44:01","guid":{"rendered":"https:\/\/hostnetart.com.br\/baixada\/trabalhadores-irao-as-ruas-para-lutar-por-justica-tributaria\/"},"modified":"2023-11-10T22:44:01","modified_gmt":"2023-11-11T01:44:01","slug":"trabalhadores-irao-as-ruas-para-lutar-por-justica-tributaria","status":"publish","type":"post","link":"https:\/\/hostnetart.com.br\/baixada\/trabalhadores-irao-as-ruas-para-lutar-por-justica-tributaria\/","title":{"rendered":"Trabalhadores ir\u00e3o \u00e0s ruas para lutar por justi\u00e7a tribut\u00e1ria"},"content":{"rendered":"<p>A Confedera\u00e7\u00e3o Nacional dos Trabalhadores do Ramo Financeiro (Contraf-CUT) orientou, nesta quinta-feira (9), que todas as entidades do ramo financeiro se articulem, em suas bases de atua\u00e7\u00e3o, com as regionais da CUT e demais entidades sindicais e do movimento social que defendem uma reforma tribut\u00e1ria mais justa e realizem, na pr\u00f3xima ter\u00e7a-feira (14), um \u201cDia Nacional de Luta pela Reforma pela Tribut\u00e1ria que o Povo Quer\u201d, com atos p\u00fablicos nas imedia\u00e7\u00f5es das c\u00e2maras de vereadores, de deputados, assembleias legislativas, Senado, prefeituras, sedes de governos estaduais, ou outro local p\u00fablico, conforme defini\u00e7\u00e3o de cada entidade, para suscitar o debate sobre as propostas que tragam realmente justi\u00e7a fiscal e tribut\u00e1ria e contribuam com a redu\u00e7\u00e3o das desigualdades social e econ\u00f4mica em nosso pa\u00eds.<\/p>\n<p>\u201cA reforma tribut\u00e1ria que est\u00e1 em tramita\u00e7\u00e3o no Congresso Nacional promover\u00e1 algumas mudan\u00e7as, mas n\u00e3o o suficiente para que haja desenvolvimento social e econ\u00f4mico com justi\u00e7a fiscal e redu\u00e7\u00e3o da desigualdade social e econ\u00f4mica em nosso pa\u00eds\u201d, disse o secret\u00e1rio de Rela\u00e7\u00f5es do Trabalho e respons\u00e1vel da Confedera\u00e7\u00e3o Nacional dos Trabalhadores do Ramo Financeiro (Contraf-CUT) pelo acompanhamento das pautas de interesse da classe trabalhadora no Congresso Nacional, Jeferson Meira, o Jef\u00e3o.<\/p>\n<h3><strong>Subs\u00eddios de apoio<\/strong><\/h3>\n<p>Para contribuir com o debate e a reflex\u00e3o pela milit\u00e2ncia social e pela sociedade de uma forma geral, a Contraf-CUT produziu uma <a href=\"https:\/\/www.youtube.com\/playlist?list=PLUA9wyfilLls7ILrJqL6tGhKOlm9Qtj_n\" target=\"_blank\" rel=\"noopener noreferrer\">s\u00e9rie de v\u00eddeos<\/a>, <a href=\"https:\/\/contrafcut.com.br\/info-reforma-tributaria-web\/\" target=\"_blank\" rel=\"noopener noreferrer\">boletins<\/a>, cards e uma <a href=\"https:\/\/contrafcut.com.br\/cartilha-reforma-tributaria-web\/\" target=\"_blank\" rel=\"noopener noreferrer\">cartilha ilustrada<\/a>sobre a reforma tribut\u00e1ria. Al\u00e9m disso, j\u00e1 h\u00e1 alguns meses, vem realizando debates e cursos sobre o tema.<\/p>\n<p>\u201cNossa inten\u00e7\u00e3o \u00e9 capacitar a milit\u00e2ncia sobre o tema e difundir nosso posicionamento e propostas sobre a reforma tribut\u00e1ria para toda a sociedade\u201d, afirmou o secret\u00e1rio de Forma\u00e7\u00e3o da Contraf-CUT, Rafael Zanon.<\/p>\n<p>\u201cPrecisamos fazer que o povo entenda a quest\u00e3o tribut\u00e1ria \u00e9 fundamental para melhorar a vida de todo mundo\u201d, ressaltou o secret\u00e1rio de Assuntos Socioecon\u00f4micos da Contraf-CUT, Walcir Previtale.<\/p>\n<p>Al\u00e9m dos materiais produzidos pela Contraf-CUT, as mais de 70 entidades que fazem parte da Campanha Tributar Os Super-Ricos divulgaram, nesta sexta-feira (10), <a href=\"https:\/\/contrafcut.com.br\/carta-apoio-reforma\/\" target=\"_blank\" rel=\"noopener noreferrer\">uma carta<\/a> de \u201capoio ao governo para tributar os super-ricos\u201d. Na carta, as entidades observam que \u201cuma parte da Reforma Tribut\u00e1ria, que trata do consumo, est\u00e1 avan\u00e7ando com v\u00e1rias limita\u00e7\u00f5es. Mas a segunda parte, que trata da renda, est\u00e1 apenas come\u00e7ando e \u00e9 fundamental para um pa\u00eds mais justo.\u201d<\/p>\n<p>Em outro trecho, a carta ressalta que, se as propostas do governo de tributa\u00e7\u00e3o das offshore e tributa\u00e7\u00e3o dos fundos exclusivos de investimentos (PL 4.173\/2023) e de fim da dedu\u00e7\u00e3o sobre juros de capital pr\u00f3prio (PL 4,258\/2023) forem aprovadas, gerar\u00e1 a arrecada\u00e7\u00e3o de R$ 30 bilh\u00f5es ao ano, o que pode contribuir para melhorar a vida da popula\u00e7\u00e3o e reduzir a desigualdade.<\/p>\n<h3><strong>Redes sociais<\/strong><\/h3>\n<p>As redes sociais ser\u00e3o utilizadas para ampliar a visibilidade das atividades p\u00fablicas e para difundir as propostas. Os militantes foram orientados a postarem fotos e textos nas redes sociais com a hashtag #GanhaMaisPagueMais.<\/p>\n<p><b>Fonte: Contraf-CUT<\/b><\/p>\n","protected":false},"excerpt":{"rendered":"<p>A Confedera\u00e7\u00e3o Nacional dos Trabalhadores do Ramo Financeiro (Contraf-CUT) orientou, nesta quinta-feira (9), que todas as entidades do ramo financeiro se articulem, em suas bases de atua\u00e7\u00e3o, com as regionais da CUT e demais entidades sindicais e do movimento social que defendem uma reforma tribut\u00e1ria mais justa e realizem, na pr\u00f3xima ter\u00e7a-feira (14), um \u201cDia [&hellip;]<\/p>\n","protected":false},"author":2,"featured_media":14734,"comment_status":"","ping_status":"","sticky":false,"template":"","format":"standard","meta":{"footnotes":""},"categories":[3],"tags":[],"class_list":["post-14735","post","type-post","status-publish","format-standard","has-post-thumbnail","hentry","category-noticias"],"_links":{"self":[{"href":"https:\/\/hostnetart.com.br\/baixada\/wp-json\/wp\/v2\/posts\/14735","targetHints":{"allow":["GET"]}}],"collection":[{"href":"https:\/\/hostnetart.com.br\/baixada\/wp-json\/wp\/v2\/posts"}],"about":[{"href":"https:\/\/hostnetart.com.br\/baixada\/wp-json\/wp\/v2\/types\/post"}],"author":[{"embeddable":true,"href":"https:\/\/hostnetart.com.br\/baixada\/wp-json\/wp\/v2\/users\/2"}],"replies":[{"embeddable":true,"href":"https:\/\/hostnetart.com.br\/baixada\/wp-json\/wp\/v2\/comments?post=14735"}],"version-history":[{"count":0,"href":"https:\/\/hostnetart.com.br\/baixada\/wp-json\/wp\/v2\/posts\/14735\/revisions"}],"wp:featuredmedia":[{"embeddable":true,"href":"https:\/\/hostnetart.com.br\/baixada\/wp-json\/wp\/v2\/media\/14734"}],"wp:attachment":[{"href":"https:\/\/hostnetart.com.br\/baixada\/wp-json\/wp\/v2\/media?parent=14735"}],"wp:term":[{"taxonomy":"category","embeddable":true,"href":"https:\/\/hostnetart.com.br\/baixada\/wp-json\/wp\/v2\/categories?post=14735"},{"taxonomy":"post_tag","embeddable":true,"href":"https:\/\/hostnetart.com.br\/baixada\/wp-json\/wp\/v2\/tags?post=14735"}],"curies":[{"name":"wp","href":"https:\/\/api.w.org\/{rel}","templated":true}]}}