{"id":14731,"date":"2023-11-10T22:41:22","date_gmt":"2023-11-11T01:41:22","guid":{"rendered":"https:\/\/hostnetart.com.br\/baixada\/bb-apresenta-proposta-insuficiente-em-audiencia-sobre-extincao-de-caixa-executivo\/"},"modified":"2023-11-10T22:41:22","modified_gmt":"2023-11-11T01:41:22","slug":"bb-apresenta-proposta-insuficiente-em-audiencia-sobre-extincao-de-caixa-executivo","status":"publish","type":"post","link":"https:\/\/hostnetart.com.br\/baixada\/bb-apresenta-proposta-insuficiente-em-audiencia-sobre-extincao-de-caixa-executivo\/","title":{"rendered":"BB apresenta proposta insuficiente em audi\u00eancia sobre extin\u00e7\u00e3o de caixa executivo"},"content":{"rendered":"<p>Aconteceu na manh\u00e3 desta sexta-feira (10) a audi\u00eancia de concilia\u00e7\u00e3o entre o Banco do Brasil e a Confedera\u00e7\u00e3o Nacional dos Trabalhadores do Ramo Financeiro (Contraf-CUT). A entidade, que representa os trabalhadores do sistema financeiro, foi atendida pela Justi\u00e7a, ainda em 2021, com uma liminar que impede at\u00e9 hoje que o BB prossiga com o plano de extinguir a fun\u00e7\u00e3o de caixa.<\/p>\n<p>No encontro, que aconteceu na 16\u00aa Vara do Trabalho de Bras\u00edlia, o banco n\u00e3o apresentou proposta que proteja os trabalhadores. \u201cPara chegar a uma concilia\u00e7\u00e3o, a ju\u00edza indicou que o BB deveria apresentar uma proposta de incorpora\u00e7\u00e3o da gratifica\u00e7\u00e3o aos caixas que exercem a fun\u00e7\u00e3o h\u00e1 mais de 10 anos, tendo como marco temporal a Reforma Trabalhista de novembro de 2017. Para os demais caixas, que exercem a fun\u00e7\u00e3o h\u00e1 menos de 10 anos, teria que haver proposta de transi\u00e7\u00e3o de carreira que, nas palavras da ju\u00edza, protegesse tamb\u00e9m esses funcion\u00e1rios\u201d, explicou a assessora jur\u00eddica da Contraf-CUT, Renata Cabral, s\u00f3cia do escrit\u00f3rio Crivelli Advogados.<\/p>\n<p>Na audi\u00eancia, o BB disse ainda que n\u00e3o \u00e9 poss\u00edvel a incorpora\u00e7\u00e3o da gratifica\u00e7\u00e3o de caixas. E, diante de muita discuss\u00e3o com os representantes dos trabalhadores e trabalhadoras, afirmou que poderia se comprometer com esfor\u00e7os de recoloca\u00e7\u00e3o dos empregados que atuam como caixas, al\u00e9m de garantir a gratifica\u00e7\u00e3o por 18 meses, e n\u00e3o mais por 12 meses (como havia apresentado anteriormente).<\/p>\n<p>Renata Cabral destacou que, como a resposta do banco foi insatisfat\u00f3ria aos trabalhadores, \u201cconsiderando especialmente a quest\u00e3o de n\u00e3o avan\u00e7o em rela\u00e7\u00e3o \u00e0 incorpora\u00e7\u00e3o definitiva da gratifica\u00e7\u00e3o de caixa para aqueles que a recebem h\u00e1 mais de dez anos, a ju\u00edza encerrou a audi\u00eancia\u201d.<\/p>\n<p>O pr\u00f3ximo passo ser\u00e1 o julgamento, em data que ainda ser\u00e1 marcada, quando a magistrada ir\u00e1 proferir a senten\u00e7a sobre o caso.<\/p>\n<p>\u201cQuando a senten\u00e7a for proferida, seremos intimados. Se o pedido for procedente, ou seja, favor\u00e1vel aos trabalhadores, corroborando a liminar vigente que obtivemos, as coisas seguir\u00e3o como est\u00e3o e o banco ter\u00e1 um prazo para apresentar recurso\u201d, destacou a advogada. \u201cCaso a ju\u00edza julgue improcedente o pedido dos trabalhadores, obviamente a liminar cair\u00e1 e n\u00f3s teremos prazo para entrar tamb\u00e9m com recurso\u201d, completou.<\/p>\n<h3>Entenda<\/h3>\n<p>No in\u00edcio de 2021, o BB anunciou uma nova reestrutura\u00e7\u00e3o, com fechamento de ag\u00eancias, redu\u00e7\u00e3o de postos de trabalho e extin\u00e7\u00e3o da fun\u00e7\u00e3o de caixa, junto com o fim da gratifica\u00e7\u00e3o para os escritur\u00e1rios que cumprem a fun\u00e7\u00e3o.<\/p>\n<p>\u201cDe in\u00edcio, procuramos negociar nas mesas de media\u00e7\u00e3o com o banco. Em seguida, tentamos media\u00e7\u00e3o junto ao Minist\u00e9rio P\u00fablico do Trabalho. Mas, como a diretoria na \u00e9poca n\u00e3o nos atendeu, buscamos a Justi\u00e7a\u201d, lembrou a funcion\u00e1ria do BB e coordenadora da Comiss\u00e3o de Empresa dos Funcion\u00e1rios do Banco do Brasil (CEBB), Fernanda Lopes, que representou a Contraf-CUT na audi\u00eancia.<\/p>\n<p>Em 18 de fevereiro de 2021, o juiz Antonio Umberto de Souza Junior, da 6\u00aa Vara da Justi\u00e7a do Trabalho de Bras\u00edlia, atendeu a liminar da Contraf-CUT e proibiu o Banco do Brasil de extinguir a fun\u00e7\u00e3o de caixa. Na decis\u00e3o, o magistrado tamb\u00e9m determinou a incorpora\u00e7\u00e3o da gratifica\u00e7\u00e3o de caixa para os empregados que a recebiam h\u00e1 mais de dez anos. O BB chegou a entrar com mandado de seguran\u00e7a e recursos subsequentes, mas o Tribunal Superior do Trabalho (TST) negou o pedido da empresa.<\/p>\n<p>No in\u00edcio do ano, ao avaliar poss\u00edvel \u201cdisposi\u00e7\u00e3o das partes para uma autocomposi\u00e7\u00e3o\u201d, passados dois anos desde que a Contraf-CUT ajuizou a a\u00e7\u00e3o que impediu banco de extinguir a fun\u00e7\u00e3o, a ju\u00edza substituta do Tribunal Regional do Trabalho da 10\u00aa Regi\u00e3o, Audrey Choucair Vaz, agendou audi\u00eancia de concilia\u00e7\u00e3o para o dia 10 de fevereiro, mas o Banco do Brasil solicitou adiamento e, com a concord\u00e2ncia da Contraf-CUT, a magistrada acolheu o pedido.<\/p>\n<p>Nesta sexta-feira (10), a audi\u00eancia finalmente foi realizada. Entretanto, como o banco n\u00e3o apresentou proposta que garanta a prote\u00e7\u00e3o dos trabalhadores, n\u00e3o houve avan\u00e7o.<\/p>\n<p>O tema segue agora para julgamento, ainda sem data para acontecer. Enquanto isso, continua valendo a liminar obtida pela Contra-CUT e que impede, desde 2021, que o Banco do Brasil prossiga com o plano de extinguir a fun\u00e7\u00e3o de caixa, junto com o fim da gratifica\u00e7\u00e3o para os escritur\u00e1rios que cumprem a fun\u00e7\u00e3o.<\/p>\n<p><strong>Fonte: Contraf-CUT<\/strong><\/p>\n","protected":false},"excerpt":{"rendered":"<p>Aconteceu na manh\u00e3 desta sexta-feira (10) a audi\u00eancia de concilia\u00e7\u00e3o entre o Banco do Brasil e a Confedera\u00e7\u00e3o Nacional dos Trabalhadores do Ramo Financeiro (Contraf-CUT). A entidade, que representa os trabalhadores do sistema financeiro, foi atendida pela Justi\u00e7a, ainda em 2021, com uma liminar que impede at\u00e9 hoje que o BB prossiga com o plano [&hellip;]<\/p>\n","protected":false},"author":2,"featured_media":14730,"comment_status":"","ping_status":"","sticky":false,"template":"","format":"standard","meta":{"footnotes":""},"categories":[3],"tags":[],"class_list":["post-14731","post","type-post","status-publish","format-standard","has-post-thumbnail","hentry","category-noticias"],"_links":{"self":[{"href":"https:\/\/hostnetart.com.br\/baixada\/wp-json\/wp\/v2\/posts\/14731","targetHints":{"allow":["GET"]}}],"collection":[{"href":"https:\/\/hostnetart.com.br\/baixada\/wp-json\/wp\/v2\/posts"}],"about":[{"href":"https:\/\/hostnetart.com.br\/baixada\/wp-json\/wp\/v2\/types\/post"}],"author":[{"embeddable":true,"href":"https:\/\/hostnetart.com.br\/baixada\/wp-json\/wp\/v2\/users\/2"}],"replies":[{"embeddable":true,"href":"https:\/\/hostnetart.com.br\/baixada\/wp-json\/wp\/v2\/comments?post=14731"}],"version-history":[{"count":0,"href":"https:\/\/hostnetart.com.br\/baixada\/wp-json\/wp\/v2\/posts\/14731\/revisions"}],"wp:featuredmedia":[{"embeddable":true,"href":"https:\/\/hostnetart.com.br\/baixada\/wp-json\/wp\/v2\/media\/14730"}],"wp:attachment":[{"href":"https:\/\/hostnetart.com.br\/baixada\/wp-json\/wp\/v2\/media?parent=14731"}],"wp:term":[{"taxonomy":"category","embeddable":true,"href":"https:\/\/hostnetart.com.br\/baixada\/wp-json\/wp\/v2\/categories?post=14731"},{"taxonomy":"post_tag","embeddable":true,"href":"https:\/\/hostnetart.com.br\/baixada\/wp-json\/wp\/v2\/tags?post=14731"}],"curies":[{"name":"wp","href":"https:\/\/api.w.org\/{rel}","templated":true}]}}