{"id":1473,"date":"2013-09-09T00:00:00","date_gmt":"2013-09-09T03:00:00","guid":{"rendered":"https:\/\/hostnetart.com.br\/baixada\/todos-as-na-assembleia-em-caxias\/"},"modified":"2013-09-09T00:00:00","modified_gmt":"2013-09-09T03:00:00","slug":"todos-as-na-assembleia-em-caxias","status":"publish","type":"post","link":"https:\/\/hostnetart.com.br\/baixada\/todos-as-na-assembleia-em-caxias\/","title":{"rendered":"TODOS(AS) NA ASSEMBLEIA EM CAXIAS!"},"content":{"rendered":"<p>EDITAL ASSEMBLEIA GERAL EXTRAORDIN\u00c1RIA<\/p>\n<p>Sindicato dos Empregados em Estabelecimentos Banc\u00e1rios da Baixada Fluminense, inscrito no CNPJ\/MF sob o n\u00ba 28750016\/0001-30, Registro sindical n\u00ba 11787826-0 por seus coordenadores abaixo assinado, convoca todos os empregados em estabelecimentos banc\u00e1rios dos bancos p\u00fablicos e privados, s\u00f3cios e n\u00e3o s\u00f3cios, da base territorial deste sindicato, para a assembleia geral extraordin\u00e1ria que se realizar\u00e1 dia 12\/09\/2013, \u00e0s 18:00h, em primeira convoca\u00e7\u00e3o, e \u00e0s 18:30h, em segunda convoca\u00e7\u00e3o, no endere\u00e7o \u00e0 Rua .Professor Henrique Ferreira Gomes, n\u00ba 179, centro, Duque de Caxias para discuss\u00e3o e delibera\u00e7\u00e3o acerca da seguinte ordem do dia:<\/p>\n<p>\u00a0<\/p>\n<p>1. Avalia\u00e7\u00e3o e delibera\u00e7\u00e3o sobre a rejei\u00e7\u00e3o da contraproposta apresentada pela FENABAN na reuni\u00e3o de 05\/09\/2013, \u00e0 minuta de reivindica\u00e7\u00f5es entregue em 01\/08\/2013;<\/p>\n<p>\u00a0<\/p>\n<p>2. Delibera\u00e7\u00e3o acerca de paralisa\u00e7\u00e3o das atividades por prazo indeterminado a partir da 00h00 do dia 19\/09\/2013;<\/p>\n<p>\u00a0<\/p>\n<p>Duque de Caxias, 10 de setembro de 2013-09-09<\/p>\n<p>Alcyon Vicente, Jos\u00e9 La\u00e9rcio e Pedro Batista<\/p>\n<p>Coordena\u00e7\u00e3o Geral<\/p>\n","protected":false},"excerpt":{"rendered":"<p>EDITAL ASSEMBLEIA GERAL EXTRAORDIN\u00c1RIA Sindicato dos Empregados em Estabelecimentos Banc\u00e1rios da Baixada Fluminense, inscrito no CNPJ\/MF sob o n\u00ba 28750016\/0001-30, Registro sindical n\u00ba 11787826-0 por seus coordenadores abaixo assinado, convoca todos os empregados em estabelecimentos banc\u00e1rios dos bancos p\u00fablicos e privados, s\u00f3cios e n\u00e3o s\u00f3cios, da base territorial deste sindicato, para a assembleia geral extraordin\u00e1ria [&hellip;]<\/p>\n","protected":false},"author":1,"featured_media":1472,"comment_status":"","ping_status":"","sticky":false,"template":"","format":"standard","meta":{"footnotes":""},"categories":[3],"tags":[],"class_list":["post-1473","post","type-post","status-publish","format-standard","has-post-thumbnail","hentry","category-noticias"],"_links":{"self":[{"href":"https:\/\/hostnetart.com.br\/baixada\/wp-json\/wp\/v2\/posts\/1473","targetHints":{"allow":["GET"]}}],"collection":[{"href":"https:\/\/hostnetart.com.br\/baixada\/wp-json\/wp\/v2\/posts"}],"about":[{"href":"https:\/\/hostnetart.com.br\/baixada\/wp-json\/wp\/v2\/types\/post"}],"author":[{"embeddable":true,"href":"https:\/\/hostnetart.com.br\/baixada\/wp-json\/wp\/v2\/users\/1"}],"replies":[{"embeddable":true,"href":"https:\/\/hostnetart.com.br\/baixada\/wp-json\/wp\/v2\/comments?post=1473"}],"version-history":[{"count":0,"href":"https:\/\/hostnetart.com.br\/baixada\/wp-json\/wp\/v2\/posts\/1473\/revisions"}],"wp:featuredmedia":[{"embeddable":true,"href":"https:\/\/hostnetart.com.br\/baixada\/wp-json\/wp\/v2\/media\/1472"}],"wp:attachment":[{"href":"https:\/\/hostnetart.com.br\/baixada\/wp-json\/wp\/v2\/media?parent=1473"}],"wp:term":[{"taxonomy":"category","embeddable":true,"href":"https:\/\/hostnetart.com.br\/baixada\/wp-json\/wp\/v2\/categories?post=1473"},{"taxonomy":"post_tag","embeddable":true,"href":"https:\/\/hostnetart.com.br\/baixada\/wp-json\/wp\/v2\/tags?post=1473"}],"curies":[{"name":"wp","href":"https:\/\/api.w.org\/{rel}","templated":true}]}}