{"id":14727,"date":"2023-11-09T13:48:39","date_gmt":"2023-11-09T16:48:39","guid":{"rendered":"https:\/\/hostnetart.com.br\/baixada\/reforma-tributaria-avanca-no-senado\/"},"modified":"2023-11-09T13:48:39","modified_gmt":"2023-11-09T16:48:39","slug":"reforma-tributaria-avanca-no-senado","status":"publish","type":"post","link":"https:\/\/hostnetart.com.br\/baixada\/reforma-tributaria-avanca-no-senado\/","title":{"rendered":"Reforma tribut\u00e1ria avan\u00e7a no Senado"},"content":{"rendered":"<p>A Comiss\u00e3o de Constitui\u00e7\u00e3o e Justi\u00e7a (CCJ) aprovou na tarde desta ter\u00e7a-feira (7), com 20 votos favor\u00e1veis e seis votos contr\u00e1rios, a proposta de emenda constitucional (<a href=\"https:\/\/www25.senado.leg.br\/web\/atividade\/materias\/-\/materia\/158930\" target=\"_blank\" rel=\"noopener noreferrer\">PEC 45\/2019<\/a>), que institui uma reforma no sistema tribut\u00e1rio brasileiro.<\/p>\n<p>O texto aprovado foi o apresentado pelo relator da proposta na comiss\u00e3o, o senador Eduardo Braga (MDB-AM), que alterou a vers\u00e3o aprovada pela C\u00e2mara dos Deputados. Entre as altera\u00e7\u00f5es promovidas est\u00e1 o aumento para R$ 60 bilh\u00f5es do fundo mantido pela Uni\u00e3o para reduzir as desigualdades regionais e sociais e a redu\u00e7\u00e3o das compet\u00eancias do comit\u00ea gestor do futuro imposto estadual e municipal.<\/p>\n<p>Agora o texto segue para an\u00e1lise no plen\u00e1rio, com previs\u00e3o para ser deliberado nesta quarta-feira (8). Depois de tramitar no Senado, o texto ter\u00e1 que retornar \u00e0 C\u00e2mara, por conta das altera\u00e7\u00f5es realizadas pelos senadores. No total, Braga acatou (total ou parcialmente) 247 emendas apresentadas pelos parlamentares da casa, muitas delas ap\u00f3s a apresenta\u00e7\u00e3o do seu relat\u00f3rio, ocorrida\u00a0<a href=\"https:\/\/www12.senado.leg.br\/noticias\/materias\/2023\/10\/25\/relatorio-da-reforma-tributaria-e-apresentado-na-ccj-votacao-sera-em-7-11\" target=\"_blank\" rel=\"noopener noreferrer\">no dia 25 de outubro<\/a>.<\/p>\n<p>\u201c\u00c9 importante aprovarmos essa primeira parte da reforma, que trata sobre a simplifica\u00e7\u00e3o do sistema tribut\u00e1rio e acaba com a cumulatividade de impostos na cadeia produtiva, para permitir maior agilidade na tramita\u00e7\u00e3o da segunda parte da reforma, que pode trazer mudan\u00e7as para ampliar a justi\u00e7a fiscal e tribut\u00e1ria em nosso pa\u00eds\u201d, disse o secret\u00e1rio de Rela\u00e7\u00f5es do Trabalho e respons\u00e1vel da Confedera\u00e7\u00e3o Nacional dos Trabalhadores do Ramo Financeiro (Contraf-CUT) pelo acompanhamento da tramita\u00e7\u00e3o dos projetos de interesse da classe trabalhadora no Congresso Nacional, Jeferson Meira, o Jef\u00e3o.<\/p>\n<p>A segunda parte da reforma est\u00e1 em tramita\u00e7\u00e3o na C\u00e2mara dos Deputados, que aprovou, no dia 25 de outubro, a\u00a0<a href=\"https:\/\/www.camara.leg.br\/noticias\/1010815-CAMARA-APROVA-PROJETO-QUE-TRIBUTA-INVESTIMENTOS-DE-BRASILEIROS-EM-OFFSHORES-E-FUNDOS-DE-ALTA-RENDA\" target=\"_blank\" rel=\"noopener noreferrer\">tributa\u00e7\u00e3o das offshor<\/a>e, trustes e promoveu mudan\u00e7as na tributa\u00e7\u00e3o dos fundos exclusivos, os chamados fundos dos super-ricos (os investimentos come\u00e7am a partir de R$ 10 milh\u00f5es).<\/p>\n<p><strong>Fonte:<\/strong>\u00a0Contraf-CUT, com\u00a0<a href=\"https:\/\/www12.senado.leg.br\/noticias\/materias\/2023\/11\/07\/reforma-tributaria-e-aprovada-na-ccj-e-segue-para-o-plenario\" target=\"_blank\" rel=\"noopener noreferrer\">informa\u00e7\u00f5es da Ag\u00eancia Senado<\/a><\/p>\n<p><strong>Fonte: Contraf-CUT<\/strong><\/p>\n","protected":false},"excerpt":{"rendered":"<p>A Comiss\u00e3o de Constitui\u00e7\u00e3o e Justi\u00e7a (CCJ) aprovou na tarde desta ter\u00e7a-feira (7), com 20 votos favor\u00e1veis e seis votos contr\u00e1rios, a proposta de emenda constitucional (PEC 45\/2019), que institui uma reforma no sistema tribut\u00e1rio brasileiro. O texto aprovado foi o apresentado pelo relator da proposta na comiss\u00e3o, o senador Eduardo Braga (MDB-AM), que alterou [&hellip;]<\/p>\n","protected":false},"author":2,"featured_media":14726,"comment_status":"","ping_status":"","sticky":false,"template":"","format":"standard","meta":{"footnotes":""},"categories":[3],"tags":[],"class_list":["post-14727","post","type-post","status-publish","format-standard","has-post-thumbnail","hentry","category-noticias"],"_links":{"self":[{"href":"https:\/\/hostnetart.com.br\/baixada\/wp-json\/wp\/v2\/posts\/14727","targetHints":{"allow":["GET"]}}],"collection":[{"href":"https:\/\/hostnetart.com.br\/baixada\/wp-json\/wp\/v2\/posts"}],"about":[{"href":"https:\/\/hostnetart.com.br\/baixada\/wp-json\/wp\/v2\/types\/post"}],"author":[{"embeddable":true,"href":"https:\/\/hostnetart.com.br\/baixada\/wp-json\/wp\/v2\/users\/2"}],"replies":[{"embeddable":true,"href":"https:\/\/hostnetart.com.br\/baixada\/wp-json\/wp\/v2\/comments?post=14727"}],"version-history":[{"count":0,"href":"https:\/\/hostnetart.com.br\/baixada\/wp-json\/wp\/v2\/posts\/14727\/revisions"}],"wp:featuredmedia":[{"embeddable":true,"href":"https:\/\/hostnetart.com.br\/baixada\/wp-json\/wp\/v2\/media\/14726"}],"wp:attachment":[{"href":"https:\/\/hostnetart.com.br\/baixada\/wp-json\/wp\/v2\/media?parent=14727"}],"wp:term":[{"taxonomy":"category","embeddable":true,"href":"https:\/\/hostnetart.com.br\/baixada\/wp-json\/wp\/v2\/categories?post=14727"},{"taxonomy":"post_tag","embeddable":true,"href":"https:\/\/hostnetart.com.br\/baixada\/wp-json\/wp\/v2\/tags?post=14727"}],"curies":[{"name":"wp","href":"https:\/\/api.w.org\/{rel}","templated":true}]}}