{"id":14725,"date":"2023-11-09T13:47:24","date_gmt":"2023-11-09T16:47:24","guid":{"rendered":"https:\/\/hostnetart.com.br\/baixada\/hoje-tem-negociacao-com-a-caixa\/"},"modified":"2023-11-09T13:47:24","modified_gmt":"2023-11-09T16:47:24","slug":"hoje-tem-negociacao-com-a-caixa","status":"publish","type":"post","link":"https:\/\/hostnetart.com.br\/baixada\/hoje-tem-negociacao-com-a-caixa\/","title":{"rendered":"Hoje tem negocia\u00e7\u00e3o com a Caixa"},"content":{"rendered":"<p>A Comiss\u00e3o Executiva dos Empregados (CEE) da Caixa se re\u00fane com o banco nesta quinta-feira (9) para dar prosseguimento \u00e0s negocia\u00e7\u00f5es para a renova\u00e7\u00e3o do acordo espec\u00edfico referente ao Sa\u00fade Caixa, o plano de sa\u00fade das empregadas e empregados. As negocia\u00e7\u00f5es foram\u00a0<a href=\"https:\/\/contrafcut.com.br\/noticias\/saude-caixa-mobilizacao-conquista-avancos-na-negociacao-com-o-banco\/?swcfpc=1\" target=\"_blank\" rel=\"noopener noreferrer\">destravadas na quarta-feira<\/a>\u00a0(1\u00ba\/11), em reuni\u00e3o ocorrida com o banco a pedido do Comando Nacional dos Banc\u00e1rios, ap\u00f3s as mobiliza\u00e7\u00f5es do Dia Nacional de Luta em Defesa do Sa\u00fade Caixa, realizadas por todo o pa\u00eds no dia 30\/10.<\/p>\n<p>\u201cTemos um cen\u00e1rio que aponta um d\u00e9ficit de mais de R$ 1 bilh\u00e3o, considerando os custos de 2023 e as proje\u00e7\u00f5es atuariais de custos para 2024. Com essa retomada das negocia\u00e7\u00f5es j\u00e1 temos uma sinaliza\u00e7\u00e3o positiva com rela\u00e7\u00e3o ao custeio para sanar o d\u00e9ficit de 2023 que, se n\u00e3o for equalizado, nos obrigaria a arcar com o pagamento de 4,5 parcelas extraordin\u00e1rias no pr\u00f3ximo ano\u201d, avaliou a coordenadora da Comiss\u00e3o Executiva dos Empregados (CEE) da Caixa e do GT Sa\u00fade Caixa, Fabiana Uehara Proscholdt. \u201cNossa inten\u00e7\u00e3o \u00e9 conquistar uma proposta melhor para o ano de 2024 que n\u00e3o onere os colegas a ponto de inviabilizar sua perman\u00eancia no Sa\u00fade Caixa\u201d, completou.<\/p>\n<p>A Caixa se comprometeu a apresentar simula\u00e7\u00f5es na reuni\u00e3o de hoje (quinta-feira, 9\/11), para permitir a discuss\u00e3o de poss\u00edveis formatos de custeio.<\/p>\n<p><strong>Fonte: Contraf-CUT<\/strong><\/p>\n","protected":false},"excerpt":{"rendered":"<p>A Comiss\u00e3o Executiva dos Empregados (CEE) da Caixa se re\u00fane com o banco nesta quinta-feira (9) para dar prosseguimento \u00e0s negocia\u00e7\u00f5es para a renova\u00e7\u00e3o do acordo espec\u00edfico referente ao Sa\u00fade Caixa, o plano de sa\u00fade das empregadas e empregados. As negocia\u00e7\u00f5es foram\u00a0destravadas na quarta-feira\u00a0(1\u00ba\/11), em reuni\u00e3o ocorrida com o banco a pedido do Comando Nacional [&hellip;]<\/p>\n","protected":false},"author":2,"featured_media":14724,"comment_status":"","ping_status":"","sticky":false,"template":"","format":"standard","meta":{"footnotes":""},"categories":[3],"tags":[],"class_list":["post-14725","post","type-post","status-publish","format-standard","has-post-thumbnail","hentry","category-noticias"],"_links":{"self":[{"href":"https:\/\/hostnetart.com.br\/baixada\/wp-json\/wp\/v2\/posts\/14725","targetHints":{"allow":["GET"]}}],"collection":[{"href":"https:\/\/hostnetart.com.br\/baixada\/wp-json\/wp\/v2\/posts"}],"about":[{"href":"https:\/\/hostnetart.com.br\/baixada\/wp-json\/wp\/v2\/types\/post"}],"author":[{"embeddable":true,"href":"https:\/\/hostnetart.com.br\/baixada\/wp-json\/wp\/v2\/users\/2"}],"replies":[{"embeddable":true,"href":"https:\/\/hostnetart.com.br\/baixada\/wp-json\/wp\/v2\/comments?post=14725"}],"version-history":[{"count":0,"href":"https:\/\/hostnetart.com.br\/baixada\/wp-json\/wp\/v2\/posts\/14725\/revisions"}],"wp:featuredmedia":[{"embeddable":true,"href":"https:\/\/hostnetart.com.br\/baixada\/wp-json\/wp\/v2\/media\/14724"}],"wp:attachment":[{"href":"https:\/\/hostnetart.com.br\/baixada\/wp-json\/wp\/v2\/media?parent=14725"}],"wp:term":[{"taxonomy":"category","embeddable":true,"href":"https:\/\/hostnetart.com.br\/baixada\/wp-json\/wp\/v2\/categories?post=14725"},{"taxonomy":"post_tag","embeddable":true,"href":"https:\/\/hostnetart.com.br\/baixada\/wp-json\/wp\/v2\/tags?post=14725"}],"curies":[{"name":"wp","href":"https:\/\/api.w.org\/{rel}","templated":true}]}}