{"id":14719,"date":"2023-11-08T12:34:43","date_gmt":"2023-11-08T15:34:43","guid":{"rendered":"https:\/\/hostnetart.com.br\/baixada\/forum-pela-visibilidade-negra-tera-transmissao-em-tempo-real\/"},"modified":"2023-11-08T12:34:43","modified_gmt":"2023-11-08T15:34:43","slug":"forum-pela-visibilidade-negra-tera-transmissao-em-tempo-real","status":"publish","type":"post","link":"https:\/\/hostnetart.com.br\/baixada\/forum-pela-visibilidade-negra-tera-transmissao-em-tempo-real\/","title":{"rendered":"F\u00f3rum pela Visibilidade Negra ter\u00e1 transmiss\u00e3o em tempo real"},"content":{"rendered":"<p>O VII F\u00f3rum Nacional pela Visibilidade Negra no Sistema Financeiro, que ser\u00e1 realizado em Porto Alegre (RS), nos pr\u00f3ximos dias 10 e 11 de novembro, ter\u00e1 transmiss\u00e3o em tempo real pelas p\u00e1ginas do Sindicato dos Banc\u00e1rios de Porto Alegre e Regi\u00e3o no <a href=\"https:\/\/www.facebook.com\/events\/1085130429495496\" target=\"_blank\" rel=\"noopener noreferrer\">Facebook<\/a> e no <a href=\"https:\/\/www.youtube.com\/watch?v=APYOH2YEHHI\" target=\"_blank\" rel=\"noopener noreferrer\">YouTube<\/a>.<\/p>\n<p>O secret\u00e1rio de Combate ao Racismo da Confedera\u00e7\u00e3o Nacional dos Trabalhadores do Ramo Financeiro (Contraf-CUT), Almir Aguiar, explica que \u201chouve uma grande procura de interessados em acompanhar o F\u00f3rum, e nem todos puderam se inscrever. Ent\u00e3o, agora poder\u00e3o acompanhar pela transmiss\u00e3o ao vivo\u201d.<\/p>\n<p>Os debates ser\u00e3o sobre a conjuntura hist\u00f3rica das rela\u00e7\u00f5es de trabalho e raciais no Brasil, a participa\u00e7\u00e3o dos negros e negras no mercado de trabalho, o empoderamento da mulher negra no trabalho e na vida e pol\u00edticas de inclus\u00e3o de negras e negros no mercado de trabalho, entre outros temas. Os convidados s\u00e3o especialistas militantes da luta antirracismo.<\/p>\n<p>Para Almir, \u201cos palestrantes s\u00e3o de not\u00f3rio saber nas pol\u00edticas antirracista, cada um dentro de sua \u00e1rea, e com certeza v\u00e3o promover debates de grande densidade sobre temas fundamentais para a luta contra a discrimina\u00e7\u00e3o no sistema financeiro e no Brasil\u201d.<\/p>\n<p><b>Fonte: Contraf-CUT<\/b><\/p>\n","protected":false},"excerpt":{"rendered":"<p>O VII F\u00f3rum Nacional pela Visibilidade Negra no Sistema Financeiro, que ser\u00e1 realizado em Porto Alegre (RS), nos pr\u00f3ximos dias 10 e 11 de novembro, ter\u00e1 transmiss\u00e3o em tempo real pelas p\u00e1ginas do Sindicato dos Banc\u00e1rios de Porto Alegre e Regi\u00e3o no Facebook e no YouTube. O secret\u00e1rio de Combate ao Racismo da Confedera\u00e7\u00e3o Nacional [&hellip;]<\/p>\n","protected":false},"author":2,"featured_media":14718,"comment_status":"","ping_status":"","sticky":false,"template":"","format":"standard","meta":{"footnotes":""},"categories":[3],"tags":[],"class_list":["post-14719","post","type-post","status-publish","format-standard","has-post-thumbnail","hentry","category-noticias"],"_links":{"self":[{"href":"https:\/\/hostnetart.com.br\/baixada\/wp-json\/wp\/v2\/posts\/14719","targetHints":{"allow":["GET"]}}],"collection":[{"href":"https:\/\/hostnetart.com.br\/baixada\/wp-json\/wp\/v2\/posts"}],"about":[{"href":"https:\/\/hostnetart.com.br\/baixada\/wp-json\/wp\/v2\/types\/post"}],"author":[{"embeddable":true,"href":"https:\/\/hostnetart.com.br\/baixada\/wp-json\/wp\/v2\/users\/2"}],"replies":[{"embeddable":true,"href":"https:\/\/hostnetart.com.br\/baixada\/wp-json\/wp\/v2\/comments?post=14719"}],"version-history":[{"count":0,"href":"https:\/\/hostnetart.com.br\/baixada\/wp-json\/wp\/v2\/posts\/14719\/revisions"}],"wp:featuredmedia":[{"embeddable":true,"href":"https:\/\/hostnetart.com.br\/baixada\/wp-json\/wp\/v2\/media\/14718"}],"wp:attachment":[{"href":"https:\/\/hostnetart.com.br\/baixada\/wp-json\/wp\/v2\/media?parent=14719"}],"wp:term":[{"taxonomy":"category","embeddable":true,"href":"https:\/\/hostnetart.com.br\/baixada\/wp-json\/wp\/v2\/categories?post=14719"},{"taxonomy":"post_tag","embeddable":true,"href":"https:\/\/hostnetart.com.br\/baixada\/wp-json\/wp\/v2\/tags?post=14719"}],"curies":[{"name":"wp","href":"https:\/\/api.w.org\/{rel}","templated":true}]}}