{"id":14711,"date":"2023-11-06T16:17:20","date_gmt":"2023-11-06T19:17:20","guid":{"rendered":"https:\/\/hostnetart.com.br\/baixada\/empregados-da-caixa-precisam-manter-mobilizacao\/"},"modified":"2023-11-06T16:17:20","modified_gmt":"2023-11-06T19:17:20","slug":"empregados-da-caixa-precisam-manter-mobilizacao","status":"publish","type":"post","link":"https:\/\/hostnetart.com.br\/baixada\/empregados-da-caixa-precisam-manter-mobilizacao\/","title":{"rendered":"Empregados da Caixa precisam manter mobiliza\u00e7\u00e3o"},"content":{"rendered":"<p>A pr\u00f3xima reuni\u00e3o de negocia\u00e7\u00f5es para a renova\u00e7\u00e3o do acordo espec\u00edfico referente ao Sa\u00fade Caixa, o plano de sa\u00fade das empregadas e empregados da Caixa Econ\u00f4mica Federal, est\u00e1 marcada para quinta-feira (9). As negocia\u00e7\u00f5es estavam estagnadas, mas foram <a href=\"https:\/\/contrafcut.com.br\/noticias\/saude-caixa-mobilizacao-conquista-avancos-na-negociacao-com-o-banco\/\" target=\"_blank\" rel=\"noopener noreferrer\">destravadas na quarta-feira<\/a> (1\u00ba\/11), em reuni\u00e3o ocorrida com o banco a pedido do Comando Nacional dos Banc\u00e1rios, ap\u00f3s as mobiliza\u00e7\u00f5es do dia de luta em defesa do plano, realizadas por todo o pa\u00eds em 30\/10.<\/p>\n<p>\u201cTemos um cen\u00e1rio que aponta um d\u00e9ficit de mais de R$ 1 bilh\u00e3o, considerando os custos de 2023 e as proje\u00e7\u00f5es atuariais de custos para 2024. Com essa retomada das negocia\u00e7\u00f5es j\u00e1 temos uma sinaliza\u00e7\u00e3o positiva com rela\u00e7\u00e3o ao custeio para sanar o d\u00e9ficit de 2023 que, se n\u00e3o for equalizado, nos obrigaria a arcar com o pagamento de 4,5 parcelas extraordin\u00e1rias no pr\u00f3ximo ano\u201d, avaliou a coordenadora da Comiss\u00e3o Executiva dos Empregados (CEE) da Caixa e do GT Sa\u00fade Caixa, Fabiana Uehara Proscholdt. \u201cNossa inten\u00e7\u00e3o \u00e9 conquistar uma proposta melhor para o ano de 2024 que n\u00e3o onere os colegas a ponto de inviabilizar sua perman\u00eancia no Sa\u00fade Caixa\u201d, completou.<\/p>\n<p>A Caixa se comprometeu a trazer simula\u00e7\u00f5es na reuni\u00e3o do dia 9, para permitir a discuss\u00e3o de poss\u00edveis formatos de custeio.<\/p>\n<p>Mas, apesar dos avan\u00e7os, a coordenadora da CEE orienta que as empregadas e os empregados se mantenham atentos \u00e0s negocia\u00e7\u00f5es. \u201cPrecisamos nos manter mobilizados, pois ainda n\u00e3o houve a renova\u00e7\u00e3o do acordo. E, o custeio \u00e9 uma parte do problema, pois precisamos avan\u00e7ar na melhoria da qualidade do plano\u201d, disse, ao acrescentar que em algumas cidades e regi\u00f5es os usu\u00e1rios n\u00e3o conseguem atendimento b\u00e1sico. \u201cPara tentar resolver este problema, uma das nossas solicita\u00e7\u00f5es \u00e9 o retorno das antigas Gipes (Gerencias Regionais de Pessoas). Essas estruturas locais s\u00e3o fundamentais n\u00e3o s\u00f3 para atendimento aos usu\u00e1rios, mas tamb\u00e9m aos credenciados. E, por serem locais, possuem maior conhecimento das necessidades e particularidades de cada regi\u00e3o\u201d, disse Fabiana.<\/p>\n<h3><strong>Avan\u00e7os<\/strong><\/h3>\n<p>A situa\u00e7\u00e3o que estava sendo imposta pela Caixa para a renova\u00e7\u00e3o do Sa\u00fade Caixa era tida como muito preocupante pela CEE e pelo Comando Nacional dos Banc\u00e1rios. \u201cCaso a situa\u00e7\u00e3o n\u00e3o evolu\u00edsse, o risco para n\u00f3s, usu\u00e1rios do plano, seria ter que arcar com as contribui\u00e7\u00f5es extraordin\u00e1rias para custear o d\u00e9ficit deste ano, al\u00e9m do aumento m\u00e9dio de 85% nas mensalidades para o ano que vem. Por isso, a mesa foi t\u00e3o importante\u201d, explicou o diretor de Sa\u00fade e Previd\u00eancia da Federa\u00e7\u00e3o Nacional das Associa\u00e7\u00f5es do Pessoal da Caixa (<a href=\"https:\/\/www.fenae.org.br\/portal\/fenae-portal\/\" target=\"_blank\" rel=\"noopener noreferrer\">Fenae<\/a>), Leonardo Quadros. Mas, para o diretor da Fenae, o cen\u00e1rio ainda \u00e9 delicado, j\u00e1 que faltam apenas oito semanas para o fim do ano e as tratativas precisam se encerrar ainda antes deste prazo. \u201cTemos cobrado que a Caixa assuma diversos custos, que entendemos ser pr\u00f3prios da empresa e n\u00e3o do plano, e assim possamos buscar um custeio melhor\u201d completou.<\/p>\n<p>\u201cAvan\u00e7amos para resolver o d\u00e9ficit de 2023 usando as reservas t\u00e9cnicas e de conting\u00eancia e a Caixa se comprometeu a incorporar toda a despesa de pessoal deste ano. Resolvendo essa situa\u00e7\u00e3o, vamos fazer o debate sobre o futuro do plano para 2024\u201d, explicou, no final da reuni\u00e3o de quarta-feira, a presidenta da Confedera\u00e7\u00e3o Nacional dos Trabalhadores do Ramo Financeiro (Contraf-CUT) e uma das coordenadoras do Comando Nacional dos Banc\u00e1rios, Juvandia Moreira.<\/p>\n<p>Para evitar a cobran\u00e7a de parcelas extraordin\u00e1rias em 2024 (referentes a 2023), a Caixa concordou em tamb\u00e9m usar recursos do fundo de conting\u00eancia do plano de sa\u00fade. Tamb\u00e9m disse que pode absorver parte dos custos administrativos, ou seja as despesas de pessoal de 2023. A representa\u00e7\u00e3o dos trabalhadores solicitou que al\u00e9m de 2023, sejam tamb\u00e9m consideradas as estas despesas dos anos de 2021 e 2022, que foram colocados no custeio indevidamente, j\u00e1 que, mesmo com a restri\u00e7\u00e3o estatut\u00e1ria do banco, imposta em 2017, n\u00e3o eram cobrados at\u00e9 2020. A Caixa ficou de avaliar essa possibilidade.<\/p>\n<p>Veja v\u00eddeo gravado pela coordenadora da CEE e pelo diretor da Fenae logo ap\u00f3s a reuni\u00e3o de quarta-feira (1\u00ba\/10).\u00a0<\/p>\n<h3><strong>Reajustes<\/strong><\/h3>\n<p>Mesmo com as alternativas que vem sendo discutidas na negocia\u00e7\u00e3o deste ano, os trabalhadores avaliam que, para o ano que vem, os debates sobre a sustentabilidade do Sa\u00fade Caixa devem ser mantidos, com a defesa da manuten\u00e7\u00e3o dos mesmos princ\u00edpios e caracter\u00edsticas, al\u00e9m da melhoria da qualidade de atendimento e amplia\u00e7\u00e3o da rede credenciada.<\/p>\n<p>\u201cA Caixa vem pedindo que sejam feitos reajustes e cobran\u00e7as de todos os usu\u00e1rios, n\u00e3o tendo mais a trava de dois dependentes. Entretanto, entendemos que tem que ter um teto para n\u00e3o onerar a renda dos titulares e acabar inviabilizando sua perman\u00eancia no plano de sa\u00fade\u201d, disse Fabiana.<\/p>\n<p>Com rela\u00e7\u00e3o \u00e0s mensalidades, a coordenadora da CEE observou que a cobran\u00e7a \u00e9 proporcional aos rendimentos de cada empregado. \u201cEnt\u00e3o, as mensalidades j\u00e1 s\u00e3o reajustadas na medida em que h\u00e1 aumento nos sal\u00e1rios. E a entrada de mais recursos pode ser resolvida pela pr\u00f3pria Caixa, com a revers\u00e3o da pol\u00edtica de redu\u00e7\u00e3o de pessoal que, al\u00e9m de permitir o aumento de usu\u00e1rios contribuintes, reduz a sobrecarga de trabalho e, consequentemente, o adoecimento e os custos m\u00e9dicos do Sa\u00fade Caixa. Temos que avan\u00e7ar tamb\u00e9m nesse debate\u201d, concluiu a coordenadora da CEE.<\/p>\n<p><strong>Fonte: Contraf-CUT<\/strong><\/p>\n","protected":false},"excerpt":{"rendered":"<p>A pr\u00f3xima reuni\u00e3o de negocia\u00e7\u00f5es para a renova\u00e7\u00e3o do acordo espec\u00edfico referente ao Sa\u00fade Caixa, o plano de sa\u00fade das empregadas e empregados da Caixa Econ\u00f4mica Federal, est\u00e1 marcada para quinta-feira (9). As negocia\u00e7\u00f5es estavam estagnadas, mas foram destravadas na quarta-feira (1\u00ba\/11), em reuni\u00e3o ocorrida com o banco a pedido do Comando Nacional dos Banc\u00e1rios, [&hellip;]<\/p>\n","protected":false},"author":2,"featured_media":14710,"comment_status":"","ping_status":"","sticky":false,"template":"","format":"standard","meta":{"footnotes":""},"categories":[3],"tags":[],"class_list":["post-14711","post","type-post","status-publish","format-standard","has-post-thumbnail","hentry","category-noticias"],"_links":{"self":[{"href":"https:\/\/hostnetart.com.br\/baixada\/wp-json\/wp\/v2\/posts\/14711","targetHints":{"allow":["GET"]}}],"collection":[{"href":"https:\/\/hostnetart.com.br\/baixada\/wp-json\/wp\/v2\/posts"}],"about":[{"href":"https:\/\/hostnetart.com.br\/baixada\/wp-json\/wp\/v2\/types\/post"}],"author":[{"embeddable":true,"href":"https:\/\/hostnetart.com.br\/baixada\/wp-json\/wp\/v2\/users\/2"}],"replies":[{"embeddable":true,"href":"https:\/\/hostnetart.com.br\/baixada\/wp-json\/wp\/v2\/comments?post=14711"}],"version-history":[{"count":0,"href":"https:\/\/hostnetart.com.br\/baixada\/wp-json\/wp\/v2\/posts\/14711\/revisions"}],"wp:featuredmedia":[{"embeddable":true,"href":"https:\/\/hostnetart.com.br\/baixada\/wp-json\/wp\/v2\/media\/14710"}],"wp:attachment":[{"href":"https:\/\/hostnetart.com.br\/baixada\/wp-json\/wp\/v2\/media?parent=14711"}],"wp:term":[{"taxonomy":"category","embeddable":true,"href":"https:\/\/hostnetart.com.br\/baixada\/wp-json\/wp\/v2\/categories?post=14711"},{"taxonomy":"post_tag","embeddable":true,"href":"https:\/\/hostnetart.com.br\/baixada\/wp-json\/wp\/v2\/tags?post=14711"}],"curies":[{"name":"wp","href":"https:\/\/api.w.org\/{rel}","templated":true}]}}