{"id":14701,"date":"2023-10-31T22:39:18","date_gmt":"2023-11-01T01:39:18","guid":{"rendered":"https:\/\/hostnetart.com.br\/baixada\/saude-caixa-quarta-feira-1-11-tem-reuniao-de-negociacao\/"},"modified":"2023-10-31T22:39:18","modified_gmt":"2023-11-01T01:39:18","slug":"saude-caixa-quarta-feira-1-11-tem-reuniao-de-negociacao","status":"publish","type":"post","link":"https:\/\/hostnetart.com.br\/baixada\/saude-caixa-quarta-feira-1-11-tem-reuniao-de-negociacao\/","title":{"rendered":"Sa\u00fade Caixa: quarta-feira (1\/11) tem reuni\u00e3o de negocia\u00e7\u00e3o"},"content":{"rendered":"<p>Ap\u00f3s as manifesta\u00e7\u00f5es ocorridas na segunda-feira (30), em defesa do Sa\u00fade Caixa, a Caixa Econ\u00f4mica Federal atendeu pedido das coordenadoras do Comando Nacional dos Banc\u00e1rios e marcou reuni\u00e3o para retomada das negocia\u00e7\u00f5es sobre o plano de sa\u00fade das empregadas e empregados da Caixa para esta quarta-feira (1\/11), \u00e0s 11h30. A reuni\u00e3o ser\u00e1 presencial, em Bras\u00edlia.<\/p>\n<p>As negocia\u00e7\u00f5es est\u00e3o travadas, e as proje\u00e7\u00f5es da assessoria atuarial da Caixa apontam que o plano se torne invi\u00e1vel economicamente aos usu\u00e1rios, caso n\u00e3o haja a revoga\u00e7\u00e3o do teto de custeio, pelo banco, de 6,5% da folha de pagamentos, que impede que a Caixa cubra os 70% dos custos do Sa\u00fade Caixa, como est\u00e1 previsto no acordo coletivo espec\u00edfico do plano.<\/p>\n<p>\u201cSe a gente n\u00e3o conseguir avan\u00e7ar nas negocia\u00e7\u00f5es o plano se tornar\u00e1 invi\u00e1vel, porque colegas v\u00e3o sair e quem ficar ter\u00e1 que suportar os aumentos dos custos. Precisamos destravar as negocia\u00e7\u00f5es para conseguirmos avan\u00e7ar. Por isso, temos que manter a mobiliza\u00e7\u00e3o\u201d, disse a coordenadora da Comiss\u00e3o Executiva dos Empregados (CEE) e do Grupo de Trabalho Sa\u00fade Caixa, Fabiana Uehara Proscholdt.<\/p>\n<p>\u201cO nosso debate, em mesa de negocia\u00e7\u00e3o, precisa ir al\u00e9m do modelo de custeio. Precisamos falar sobre a melhoria da qualidade do plano e a descentraliza\u00e7\u00e3o para credenciamento de novos profissionais de sa\u00fade, cl\u00ednicas e hospitais para atender os colegas de diversas cidades e regi\u00f5es que n\u00e3o conseguem ter atendimento\u201d, completou.<\/p>\n<p><b>Fonte: Contraf-CUT<\/b><\/p>\n","protected":false},"excerpt":{"rendered":"<p>Ap\u00f3s as manifesta\u00e7\u00f5es ocorridas na segunda-feira (30), em defesa do Sa\u00fade Caixa, a Caixa Econ\u00f4mica Federal atendeu pedido das coordenadoras do Comando Nacional dos Banc\u00e1rios e marcou reuni\u00e3o para retomada das negocia\u00e7\u00f5es sobre o plano de sa\u00fade das empregadas e empregados da Caixa para esta quarta-feira (1\/11), \u00e0s 11h30. A reuni\u00e3o ser\u00e1 presencial, em Bras\u00edlia. [&hellip;]<\/p>\n","protected":false},"author":2,"featured_media":14700,"comment_status":"","ping_status":"","sticky":false,"template":"","format":"standard","meta":{"footnotes":""},"categories":[3],"tags":[],"class_list":["post-14701","post","type-post","status-publish","format-standard","has-post-thumbnail","hentry","category-noticias"],"_links":{"self":[{"href":"https:\/\/hostnetart.com.br\/baixada\/wp-json\/wp\/v2\/posts\/14701","targetHints":{"allow":["GET"]}}],"collection":[{"href":"https:\/\/hostnetart.com.br\/baixada\/wp-json\/wp\/v2\/posts"}],"about":[{"href":"https:\/\/hostnetart.com.br\/baixada\/wp-json\/wp\/v2\/types\/post"}],"author":[{"embeddable":true,"href":"https:\/\/hostnetart.com.br\/baixada\/wp-json\/wp\/v2\/users\/2"}],"replies":[{"embeddable":true,"href":"https:\/\/hostnetart.com.br\/baixada\/wp-json\/wp\/v2\/comments?post=14701"}],"version-history":[{"count":0,"href":"https:\/\/hostnetart.com.br\/baixada\/wp-json\/wp\/v2\/posts\/14701\/revisions"}],"wp:featuredmedia":[{"embeddable":true,"href":"https:\/\/hostnetart.com.br\/baixada\/wp-json\/wp\/v2\/media\/14700"}],"wp:attachment":[{"href":"https:\/\/hostnetart.com.br\/baixada\/wp-json\/wp\/v2\/media?parent=14701"}],"wp:term":[{"taxonomy":"category","embeddable":true,"href":"https:\/\/hostnetart.com.br\/baixada\/wp-json\/wp\/v2\/categories?post=14701"},{"taxonomy":"post_tag","embeddable":true,"href":"https:\/\/hostnetart.com.br\/baixada\/wp-json\/wp\/v2\/tags?post=14701"}],"curies":[{"name":"wp","href":"https:\/\/api.w.org\/{rel}","templated":true}]}}