{"id":14697,"date":"2023-10-31T22:36:28","date_gmt":"2023-11-01T01:36:28","guid":{"rendered":"https:\/\/hostnetart.com.br\/baixada\/comando-nacional-solicita-a-caixa-retomada-das-negociacoes-sobre-o-saude-caixa\/"},"modified":"2023-10-31T22:36:28","modified_gmt":"2023-11-01T01:36:28","slug":"comando-nacional-solicita-a-caixa-retomada-das-negociacoes-sobre-o-saude-caixa","status":"publish","type":"post","link":"https:\/\/hostnetart.com.br\/baixada\/comando-nacional-solicita-a-caixa-retomada-das-negociacoes-sobre-o-saude-caixa\/","title":{"rendered":"Comando Nacional solicita \u00e0 Caixa retomada das negocia\u00e7\u00f5es sobre o Sa\u00fade Caixa"},"content":{"rendered":"<p>As coordenadoras do Comando Nacional dos Banc\u00e1rios solicitaram \u00e0 dire\u00e7\u00e3o da Caixa Econ\u00f4mica, nesta segunda-feira (30), a retomada imediata das negocia\u00e7\u00f5es sobre o Sa\u00fade Caixa, cujo acordo coletivo vence no final deste ano. O Comando aguarda o retorno do banco.<\/p>\n<p>O pedido ocorre na sequ\u00eancia dos novos protestos realizados pelos empregados e empregadas de todo o pa\u00eds em mais um dia nacional de luta em defesa do plano de sa\u00fade, numa grande demonstra\u00e7\u00e3o de for\u00e7a e unidade, com paralisa\u00e7\u00f5es nos locais de trabalho, al\u00e9m de um tuita\u00e7o com a hashtag #QueremosSa\u00fadeCaixa.<\/p>\n<p>As negocia\u00e7\u00f5es est\u00e3o num impasse e o cen\u00e1rio, conforme proje\u00e7\u00e3o feita pela assessoria atuarial da Caixa, \u00e9 que o plano se torne invi\u00e1vel economicamente aos usu\u00e1rios.<\/p>\n<p><b>Fonte: Contraf-CUT<\/b><\/p>\n","protected":false},"excerpt":{"rendered":"<p>As coordenadoras do Comando Nacional dos Banc\u00e1rios solicitaram \u00e0 dire\u00e7\u00e3o da Caixa Econ\u00f4mica, nesta segunda-feira (30), a retomada imediata das negocia\u00e7\u00f5es sobre o Sa\u00fade Caixa, cujo acordo coletivo vence no final deste ano. O Comando aguarda o retorno do banco. O pedido ocorre na sequ\u00eancia dos novos protestos realizados pelos empregados e empregadas de todo [&hellip;]<\/p>\n","protected":false},"author":2,"featured_media":14696,"comment_status":"","ping_status":"","sticky":false,"template":"","format":"standard","meta":{"footnotes":""},"categories":[3],"tags":[],"class_list":["post-14697","post","type-post","status-publish","format-standard","has-post-thumbnail","hentry","category-noticias"],"_links":{"self":[{"href":"https:\/\/hostnetart.com.br\/baixada\/wp-json\/wp\/v2\/posts\/14697","targetHints":{"allow":["GET"]}}],"collection":[{"href":"https:\/\/hostnetart.com.br\/baixada\/wp-json\/wp\/v2\/posts"}],"about":[{"href":"https:\/\/hostnetart.com.br\/baixada\/wp-json\/wp\/v2\/types\/post"}],"author":[{"embeddable":true,"href":"https:\/\/hostnetart.com.br\/baixada\/wp-json\/wp\/v2\/users\/2"}],"replies":[{"embeddable":true,"href":"https:\/\/hostnetart.com.br\/baixada\/wp-json\/wp\/v2\/comments?post=14697"}],"version-history":[{"count":0,"href":"https:\/\/hostnetart.com.br\/baixada\/wp-json\/wp\/v2\/posts\/14697\/revisions"}],"wp:featuredmedia":[{"embeddable":true,"href":"https:\/\/hostnetart.com.br\/baixada\/wp-json\/wp\/v2\/media\/14696"}],"wp:attachment":[{"href":"https:\/\/hostnetart.com.br\/baixada\/wp-json\/wp\/v2\/media?parent=14697"}],"wp:term":[{"taxonomy":"category","embeddable":true,"href":"https:\/\/hostnetart.com.br\/baixada\/wp-json\/wp\/v2\/categories?post=14697"},{"taxonomy":"post_tag","embeddable":true,"href":"https:\/\/hostnetart.com.br\/baixada\/wp-json\/wp\/v2\/tags?post=14697"}],"curies":[{"name":"wp","href":"https:\/\/api.w.org\/{rel}","templated":true}]}}