{"id":14683,"date":"2023-10-26T16:45:26","date_gmt":"2023-10-26T19:45:26","guid":{"rendered":"https:\/\/hostnetart.com.br\/baixada\/vii-forum-pela-visibilidade-negra-inclui-especialistas-militantes-da-luta-antirracismo\/"},"modified":"2023-10-26T16:45:26","modified_gmt":"2023-10-26T19:45:26","slug":"vii-forum-pela-visibilidade-negra-inclui-especialistas-militantes-da-luta-antirracismo","status":"publish","type":"post","link":"https:\/\/hostnetart.com.br\/baixada\/vii-forum-pela-visibilidade-negra-inclui-especialistas-militantes-da-luta-antirracismo\/","title":{"rendered":"VII F\u00f3rum pela Visibilidade Negra inclui especialistas militantes da luta antirracismo"},"content":{"rendered":"<p>A Secretaria de Combate ao Racismo da Confedera\u00e7\u00e3o Nacional dos Trabalhadores do Ramo Financeiro divulgou o programa completo das atividades do VII F\u00f3rum Nacional pela Visibilidade Negra no Sistema Financeiro, que ser\u00e1 realizado em Porto Alegre (RS), nos dias 10 e 11 de novembro de 2023.<\/p>\n<p>O secret\u00e1rio da pasta, Almir Aguiar, avalia que \u201ca programa\u00e7\u00e3o do evento tem palestrantes da maior compet\u00eancia e not\u00f3rio saber nas pol\u00edticas antirracista, cada um dentro de sua \u00e1rea de atua\u00e7\u00e3o\u201d.<\/p>\n<p>Almir, entende que esse grupo de especialistas e militantes da luta antirracista, \u201ccom certeza, abrilhantar\u00e1 o F\u00f3rum, ao promover debates de grande densidade sobre temas fundamentais para a luta contra a discrimina\u00e7\u00e3o no sistema financeiro e no Brasil de uma forma geral\u201d.<\/p>\n<p>Confira, a seguir, o programa completo do evento.<\/p>\n<p><\/p>\n<h2><strong>VII F\u00d3RUM NACIONAL PELA VISIBILIDADE NEGRA NO SISTEMA FINANCEIRO<\/strong><\/h2>\n<p>10 e 11 de novembro de 2023<\/p>\n<p><strong>Porto Alegre (RS)<\/strong><\/p>\n<p><strong>Local<\/strong>: Audit\u00f3rio do Sindicato dos Banc\u00e1rios de Porto Alegre\u00a0<\/p>\n<p>Rua General C\u00e2mara, 424 \u2013 Centro, Porto Alegre \u2013 RS<\/p>\n<p><strong>Programa\u00e7\u00e3o<\/strong><\/p>\n<p><strong><em><u>10 de novembro<\/u><\/em><\/strong><\/p>\n<p><strong>9h<em>\u00a0\u2013<\/em>\u00a0Credenciamento<\/strong><\/p>\n<p><strong>9h30 \u2013 Abertura<\/strong><\/p>\n<p><strong><em>AN\u00c1LISE DE CONJUNTURA HIST\u00d3RICA DAS RELA\u00c7\u00d5ES DE TRABALHO E RACIAIS NO BRASIL E SUAS CONSEQU\u00caNCIAS NA VIDA DA POPULA\u00c7\u00c3O NEGRA<\/em><\/strong><\/p>\n<p><strong><em>10h10 \u2013\u00a0<\/em><\/strong><strong>M\u00e1rio Theodoro<\/strong><\/p>\n<p>Doutor em Economia pela Universit\u00e9 Paris 1 \u2013 Sorbonne, foi diretor da \u00e1rea internacional do Instituto de Pesquisa Econ\u00f4mica Aplicada (IPEA). \u00c9 autor do livro\u00a0<em>A Sociedade Desigual<\/em>.<\/p>\n<p><strong><em>11h<\/em><\/strong><strong>\u00a0\u2013 Tamires Sampaio<\/strong><\/p>\n<p>Advogada, mestra em Direito Pol\u00edtico e Econ\u00f4mico pela Universidade Presbiteriana Mackenzie, assessora especial do Minist\u00e9rio da Justi\u00e7a e Seguran\u00e7a P\u00fablica e coordenadora do PRONASCI 2.<\/p>\n<p><strong><em>11h30<\/em><\/strong><strong>\u00a0\u2013 Debate<\/strong><\/p>\n<p><strong><em>12h30<\/em><\/strong><strong>\u00a0\u2013<\/strong>\u00a0<strong>Almo\u00e7o<\/strong><\/p>\n<p><strong><em>PARTICIPA\u00c7\u00c3O DOS NEGROS E NEGRAS NO MERCADO DE TRABALHO E POL\u00cdTICAS DE COMBATE AO RACISMO<\/em><\/strong><\/p>\n<p><strong><em>14h<\/em><\/strong><strong>\u00a0\u2013 Vivian Machado<\/strong><\/p>\n<p>Economista, mestra em Economia Pol\u00edtica pela PUC-SP, t\u00e9cnica da subse\u00e7\u00e3o do Dieese na Contraf-CUT e pesquisadora do Observat\u00f3rio Conjuscs, da Universidade de S\u00e3o Caetano do Sul.<\/p>\n<p><strong><em>14h30<\/em><\/strong><strong>\u00a0\u2013 Bruna Rodrigues<\/strong><\/p>\n<p>Deputada estadual do Rio Grande do Sul pelo PCdoB, integrante da primeira Bancada Negra da hist\u00f3ria do legislativo ga\u00facho, \u00e9 presidenta do Comit\u00ea Municipal do PCdoB em Porto Alegre e estudante de Administra\u00e7\u00e3o P\u00fablica e Social da Universidade Federal do Rio Grande do Sul (UFRGS).<\/p>\n<p><strong><em>15h<\/em><\/strong><strong>\u00a0\u2013 Andr\u00e9 Brand\u00e3o<\/strong><\/p>\n<p>Professor titular da Universidade Federal Fluminense, no Programa de Estudos P\u00f3s-Graduados em Pol\u00edtica Social, \u00e9 doutor em Ci\u00eancias Sociais com v\u00e1rios estudos publicados na \u00e1rea de avalia\u00e7\u00e3o de pol\u00edticas sociais.<\/p>\n<p><strong>15h20 \u2013 Debate<\/strong><\/p>\n<p><strong>Intervalo para o caf\u00e9<\/strong><\/p>\n<p><strong><em>EMPODERAMENTO DA MULHER NEGRA NA POL\u00cdTICA NO TRABALHO E NA VIDA<\/em><\/strong><\/p>\n<p><strong><em>16h<\/em><\/strong><strong>\u00a0\u2013 M\u00f4nica Alexandre<\/strong><\/p>\n<p>Secret\u00e1ria-geral adjunta da Seccional da OAB\/RJ, \u00e9 presidenta da Associa\u00e7\u00e3o Carioca dos Advogados Trabalhistas do Rio de Janeiro e membro da Comiss\u00e3o de Direito Sindical Seccional Rio de Janeiro da OAB\/RJ.<\/p>\n<p><strong><em>16h30<\/em><\/strong><strong>\u00a0\u2013 Carol Dartora<\/strong><\/p>\n<p>Deputada federal pelo estado do Paran\u00e1, foi vereadora de Curitiba. \u00c9 professora de Hist\u00f3ria, mestra em Educa\u00e7\u00e3o pela UFPR e doutoranda em Tecnologia e Sociedade pela UTFPR. Atuou no segundo maior sindicato de profissionais da educa\u00e7\u00e3o da Am\u00e9rica Latina, a APP Sindicato.<\/p>\n<p><strong><em>17h<\/em><\/strong><strong>\u00a0\u2013 Kelly Quirino<\/strong><\/p>\n<p>Doutora e mestra em Comunica\u00e7\u00e3o, bacharel em Jornalismo. Atualmente \u00e9 representante dos funcion\u00e1rios no Conselho de Administra\u00e7\u00e3o do BB. \u00c9 pesquisadora de g\u00eanero e rela\u00e7\u00f5es raciais e professora da Universidade de Bras\u00edlia e da Universidade Cat\u00f3lica de Bras\u00edlia.<\/p>\n<p><strong><em>17h30 \u2013<\/em><\/strong>\u00a0<strong>Debate<\/strong><\/p>\n<p><strong><em>18h \u2013<\/em><\/strong><strong>\u00a0Encerramento<\/strong><\/p>\n<p><strong><em>20h \u2013 Confraterniza\u00e7\u00e3o<\/em><\/strong><\/p>\n<p><strong><em><u>11 de novembro<\/u><\/em><\/strong><\/p>\n<p><strong><em>O SISTEMA ECON\u00d4MICO BRASILEIRO COMO POL\u00cdTICAS DE INCLUS\u00c3O DE NEGRAS E NEGROS NO MERCADO DE TRABALHO E REDU\u00c7\u00c3O DAS DESIGUALDADES SOCIAIS<\/em><\/strong><\/p>\n<p><strong><em>9h30<\/em><\/strong><strong>\u00a0\u2013 Rodrigo Monteiro<\/strong><\/p>\n<p>Economista, servidor do Banco Central h\u00e1 28 anos, p\u00f3s-graduado em Contabilidade e Auditoria e em Normas Internacionais de Contabilidade. Atualmente trabalha na \u00e1rea de Supervis\u00e3o de Cooperativas e de Institui\u00e7\u00f5es N\u00e3o Banc\u00e1rias.<\/p>\n<p><strong><em>10h<\/em><\/strong><strong>\u00a0\u2013 Debate<\/strong><\/p>\n<p><strong><em>10h30<\/em><\/strong><strong>\u00a0\u2013 Combate \u00e0 discrimina\u00e7\u00e3o racial:\u00a0 A categoria banc\u00e1ria e suas experi\u00eancias no combate ao racismo<\/strong><\/p>\n<p><strong><em>11h<\/em><\/strong><strong>\u00a0\u2013 Desafios e compromissos das entidades envolvidas<\/strong><\/p>\n<p><strong><em>12h<\/em><\/strong><strong>\u00a0\u2013 Encerramento<\/strong><\/p>\n<p><strong>Fonte: Contraf-CUT<\/strong><\/p>\n","protected":false},"excerpt":{"rendered":"<p>A Secretaria de Combate ao Racismo da Confedera\u00e7\u00e3o Nacional dos Trabalhadores do Ramo Financeiro divulgou o programa completo das atividades do VII F\u00f3rum Nacional pela Visibilidade Negra no Sistema Financeiro, que ser\u00e1 realizado em Porto Alegre (RS), nos dias 10 e 11 de novembro de 2023. O secret\u00e1rio da pasta, Almir Aguiar, avalia que \u201ca [&hellip;]<\/p>\n","protected":false},"author":2,"featured_media":14682,"comment_status":"","ping_status":"","sticky":false,"template":"","format":"standard","meta":{"footnotes":""},"categories":[3],"tags":[],"class_list":["post-14683","post","type-post","status-publish","format-standard","has-post-thumbnail","hentry","category-noticias"],"_links":{"self":[{"href":"https:\/\/hostnetart.com.br\/baixada\/wp-json\/wp\/v2\/posts\/14683","targetHints":{"allow":["GET"]}}],"collection":[{"href":"https:\/\/hostnetart.com.br\/baixada\/wp-json\/wp\/v2\/posts"}],"about":[{"href":"https:\/\/hostnetart.com.br\/baixada\/wp-json\/wp\/v2\/types\/post"}],"author":[{"embeddable":true,"href":"https:\/\/hostnetart.com.br\/baixada\/wp-json\/wp\/v2\/users\/2"}],"replies":[{"embeddable":true,"href":"https:\/\/hostnetart.com.br\/baixada\/wp-json\/wp\/v2\/comments?post=14683"}],"version-history":[{"count":0,"href":"https:\/\/hostnetart.com.br\/baixada\/wp-json\/wp\/v2\/posts\/14683\/revisions"}],"wp:featuredmedia":[{"embeddable":true,"href":"https:\/\/hostnetart.com.br\/baixada\/wp-json\/wp\/v2\/media\/14682"}],"wp:attachment":[{"href":"https:\/\/hostnetart.com.br\/baixada\/wp-json\/wp\/v2\/media?parent=14683"}],"wp:term":[{"taxonomy":"category","embeddable":true,"href":"https:\/\/hostnetart.com.br\/baixada\/wp-json\/wp\/v2\/categories?post=14683"},{"taxonomy":"post_tag","embeddable":true,"href":"https:\/\/hostnetart.com.br\/baixada\/wp-json\/wp\/v2\/tags?post=14683"}],"curies":[{"name":"wp","href":"https:\/\/api.w.org\/{rel}","templated":true}]}}