{"id":14681,"date":"2023-10-26T16:33:50","date_gmt":"2023-10-26T19:33:50","guid":{"rendered":"https:\/\/hostnetart.com.br\/baixada\/ministerio-da-mulher-lanca-programa-de-combate-ao-odio-contra-mulheres\/"},"modified":"2023-10-26T16:33:50","modified_gmt":"2023-10-26T19:33:50","slug":"ministerio-da-mulher-lanca-programa-de-combate-ao-odio-contra-mulheres","status":"publish","type":"post","link":"https:\/\/hostnetart.com.br\/baixada\/ministerio-da-mulher-lanca-programa-de-combate-ao-odio-contra-mulheres\/","title":{"rendered":"Minist\u00e9rio da Mulher lan\u00e7a programa de combate ao \u00f3dio contra mulheres"},"content":{"rendered":"<p>O Minist\u00e9rio da Mulher lan\u00e7ou, nesta quarta-feira (25), em Bras\u00edlia, o programa Brasil sem Misoginia, definido pela pasta como um chamado a todos os setores brasileiros \u2013 governos, empresas, sociedade civil, ONGs, times de futebol e torcidas organizadas, universidades, grupos religiosos, entre outros \u2013 com o objetivo de estimular o debate sobre o tema no pa\u00eds e a execu\u00e7\u00e3o de a\u00e7\u00f5es diversas de enfrentamento \u00e0 misoginia.<\/p>\n<p>\u201cEu poderia passar horas listando motivos para apoiar a iniciativa Brasil sem Misoginia, mas o primeiro \u00e9 prevenir feminic\u00eddios, a viol\u00eancia dom\u00e9stica e a viol\u00eancia sexual. Porque, segundo o Anu\u00e1rio de Seguran\u00e7a P\u00fablica, no ano passado, 2022, foram 1.400 mulheres brasileiras mortas pelo fato de serem mulheres\u201d, disse a ministra da Mulher, Cida Gon\u00e7alves, durante o evento de lan\u00e7amento da proposta.<\/p>\n<p>Ainda segundo o Anu\u00e1rio Brasileiro de Seguran\u00e7a P\u00fablica, produzido pelo F\u00f3rum Brasileiro de Seguran\u00e7a P\u00fablica, o n\u00famero total de feminic\u00eddios registrados no pa\u00eds, em 2022, representa alta de 6,1% em rela\u00e7\u00e3o ao ano anterior. Entre as v\u00edtimas de feminic\u00eddios, 61,1% eram negras e 71,9% tinham entre 18 e 44 anos. A cada dez dessas mulheres, sete perderam a vida dentro de casa, 53,6% delas assassinadas pelo parceiro \u00edntimo, 19,4% por ex-parceiro e 10,7% por algum familiar.<\/p>\n<p>\u201cO segundo grande motivo [do programa] \u00e9 o de apoiar mulheres no espa\u00e7o de poder, pois, segundo o Tribunal Superior Eleitoral, apesar de representarmos 53% do eleitorado, ocupamos apenas 17,7% da C\u00e2mara dos Deputados, 12,3% do Senado e em 958 cidades n\u00e3o tivemos nenhuma vereadora eleita em 2020. Segundo o Censo de Prefeitas, feito pelo Instituto Alziras, 58% das prefeitas com mandatos de 2021 a 2024 sofreram ass\u00e9dio ou viol\u00eancia pol\u00edtica de g\u00eanero\u201d, prosseguiu a ministra.<\/p>\n<h3>Contraf e CUT aderem \u00e0 campanha<\/h3>\n<p>O lan\u00e7amento da iniciativa contou com a participa\u00e7\u00e3o de influencers, lideran\u00e7as pol\u00edticas e diversos outros atores envolvidos com a pauta. A proposta tamb\u00e9m foi assinada pelas entidades Central \u00danica dos Trabalhadores (CUT), Banco do Brasil, Caixa Econ\u00f4mica Federal e ONU Mulheres.<\/p>\n<p>\u201cMisoginia significa \u00f3dio, desprezo ou preconceito contra mulheres e meninas\u201d, explicou Fernanda Lopes, secret\u00e1ria da Mulher da Confedera\u00e7\u00e3o Nacional dos Trabalhadores do Ramo Financeiro (Contraf-CUT) que participou do evento de lan\u00e7amento. \u201cEsse tipo de preconceito se manifesta de diversas formas, no dia a dia da mulher. Um exemplo disso \u00e9 a cultura do ass\u00e9dio constante, ao qual as mulheres s\u00e3o submetidas nas ruas, espa\u00e7os p\u00fablicos ou privados. Sofremos tamb\u00e9m com a diferen\u00e7a salarial entre homens e mulheres (aqui no Brasil, mulheres recebem cerca de 20% menos que os homens que ocupam cargos iguais), al\u00e9m da sub-representa\u00e7\u00e3o das mulheres na pol\u00edtica, j\u00e1 destacada hoje pela ministra\u201d, completou.<\/p>\n<p>Em outras palavras, a misoginia \u00e9 uma vis\u00e3o que coloca as mulheres em posi\u00e7\u00e3o subordinada e com acesso limitado ao poder e locais de tomada de decis\u00e3o.<\/p>\n<p>O Anu\u00e1rio Brasileiro de Seguran\u00e7a P\u00fablica apontou tamb\u00e9m que, no Brasil, os registros de ass\u00e9dio sexual, em 2022, subiram 49,7% e totalizaram 6.114 casos. A importuna\u00e7\u00e3o sexual teve um crescimento de 37%, com 27.530 casos. Todos os indicadores de viol\u00eancia dom\u00e9stica tiveram aumento: foram 245.713 agress\u00f5es violentas (alta de 2,9%) e 613.529 amea\u00e7as (mais 7,2%).<\/p>\n<h3>Contribui\u00e7\u00e3o da categoria banc\u00e1ria<\/h3>\n<p>Em agosto de 2021, a Contraf-CUT lan\u00e7ou, nacionalmente, o projeto de assessoria jur\u00eddica para mulheres em situa\u00e7\u00e3o de viol\u00eancia dom\u00e9stica e familiar: \u201cBasta! N\u00e3o Ir\u00e3o Nos Calar!\u201d. \u201cAs banc\u00e1rias contam com 12 canais para acolhimento e assist\u00eancia jur\u00eddica especializada. S\u00e3o 298 cidades atendidas, nas cinco regi\u00f5es do pa\u00eds\u201d, destacou Phamela Godoy, advogada e assessora jur\u00eddica da Contraf-CUT.<\/p>\n<p>Phamela explicou que o papel da Contraf-CUT \u00e9 apoiar a implementa\u00e7\u00e3o do Basta nas federa\u00e7\u00f5es e sindicatos da categoria banc\u00e1ria, onde s\u00e3o estabelecidos os canais para mulheres em situa\u00e7\u00e3o de viol\u00eancia dom\u00e9stica contatarem a assessoria jur\u00eddica especializada, que inclui desde orienta\u00e7\u00f5es para a procura dos canais e servi\u00e7os p\u00fablicos, at\u00e9 quest\u00f5es relacionadas \u00e0 guarda de filhos.<\/p>\n<p>At\u00e9 julho deste ano, os canais do Basta! haviam atendido 383 mulheres e dois homens, parentes de mulheres em situa\u00e7\u00e3o de viol\u00eancia dom\u00e9stica ou familiar. Do total de atendimentos, foram geradas 343 a\u00e7\u00f5es judiciais, sendo 199 pedidos de medida protetiva de urg\u00eancia obtidos com base na Lei Maria da Penha.<\/p>\n<p><strong>Fonte: Contraf-CUT<\/strong><\/p>\n","protected":false},"excerpt":{"rendered":"<p>O Minist\u00e9rio da Mulher lan\u00e7ou, nesta quarta-feira (25), em Bras\u00edlia, o programa Brasil sem Misoginia, definido pela pasta como um chamado a todos os setores brasileiros \u2013 governos, empresas, sociedade civil, ONGs, times de futebol e torcidas organizadas, universidades, grupos religiosos, entre outros \u2013 com o objetivo de estimular o debate sobre o tema no [&hellip;]<\/p>\n","protected":false},"author":2,"featured_media":14680,"comment_status":"","ping_status":"","sticky":false,"template":"","format":"standard","meta":{"footnotes":""},"categories":[3],"tags":[],"class_list":["post-14681","post","type-post","status-publish","format-standard","has-post-thumbnail","hentry","category-noticias"],"_links":{"self":[{"href":"https:\/\/hostnetart.com.br\/baixada\/wp-json\/wp\/v2\/posts\/14681","targetHints":{"allow":["GET"]}}],"collection":[{"href":"https:\/\/hostnetart.com.br\/baixada\/wp-json\/wp\/v2\/posts"}],"about":[{"href":"https:\/\/hostnetart.com.br\/baixada\/wp-json\/wp\/v2\/types\/post"}],"author":[{"embeddable":true,"href":"https:\/\/hostnetart.com.br\/baixada\/wp-json\/wp\/v2\/users\/2"}],"replies":[{"embeddable":true,"href":"https:\/\/hostnetart.com.br\/baixada\/wp-json\/wp\/v2\/comments?post=14681"}],"version-history":[{"count":0,"href":"https:\/\/hostnetart.com.br\/baixada\/wp-json\/wp\/v2\/posts\/14681\/revisions"}],"wp:featuredmedia":[{"embeddable":true,"href":"https:\/\/hostnetart.com.br\/baixada\/wp-json\/wp\/v2\/media\/14680"}],"wp:attachment":[{"href":"https:\/\/hostnetart.com.br\/baixada\/wp-json\/wp\/v2\/media?parent=14681"}],"wp:term":[{"taxonomy":"category","embeddable":true,"href":"https:\/\/hostnetart.com.br\/baixada\/wp-json\/wp\/v2\/categories?post=14681"},{"taxonomy":"post_tag","embeddable":true,"href":"https:\/\/hostnetart.com.br\/baixada\/wp-json\/wp\/v2\/tags?post=14681"}],"curies":[{"name":"wp","href":"https:\/\/api.w.org\/{rel}","templated":true}]}}