{"id":14677,"date":"2023-10-25T19:36:17","date_gmt":"2023-10-25T22:36:17","guid":{"rendered":"https:\/\/hostnetart.com.br\/baixada\/coe-se-reune-com-santander-para-debater-metas\/"},"modified":"2023-10-25T19:36:17","modified_gmt":"2023-10-25T22:36:17","slug":"coe-se-reune-com-santander-para-debater-metas","status":"publish","type":"post","link":"https:\/\/hostnetart.com.br\/baixada\/coe-se-reune-com-santander-para-debater-metas\/","title":{"rendered":"COE se re\u00fane com Santander para debater metas"},"content":{"rendered":"<p>A Comiss\u00e3o de Organiza\u00e7\u00e3o dos Empregados (COE) do Santander se re\u00fane com representantes do banco espanhol, em um Grupo de Trabalho (GT) de sa\u00fade, no dia 13 de novembro, para debater todos os programas de metas nas ag\u00eancias e departamentos.<\/p>\n<p>O objetivo \u00e9 reportar as demandas e reclama\u00e7\u00f5es dos trabalhadores sobre cobran\u00e7as excessivas para o cumprimento de metas, especialmente em rela\u00e7\u00e3o aos aceleradores, cujo objetivo \u00e9 antecipar a entrega de mais resultados antes do fim do m\u00eas.<\/p>\n<p>O banco estabelece as metas mensais, bimestrais e semestrais, mas com os aceleradores, os gestores cobram al\u00e9m das metas determinadas. Isto tem gerado diversos impactos negativos na sa\u00fade mental dos empregados, resultando em doen\u00e7as como transtorno de ansiedade, depress\u00e3o, s\u00edndrome do p\u00e2nico e s\u00edndrome de burnout, o que tem levado ao uso cont\u00ednuo de rem\u00e9dios controlados.<\/p>\n<p>\u201cOs objetivos do GT de sa\u00fade s\u00e3o a apresenta\u00e7\u00e3o, por parte do banco, dos programas de metas; refor\u00e7ar as den\u00fancias dos problemas relatados por banc\u00e1rios aos sindicatos; e reivindicar que n\u00e3o ocorram altera\u00e7\u00f5es e aumento das metas j\u00e1 estabelecidas, visando melhores condi\u00e7\u00f5es de trabalho, para evitar adoecimentos nos trabalhadores\u201d, diz Wanessa de Queiroz, coordenadora da COE Santander.<\/p>\n<p>Na reuni\u00e3o, o movimento sindical tamb\u00e9m ir\u00e1 conhecer a nova vice-presidenta de RH do Santander.<\/p>\n<p><strong>Fonte: Contraf-CUT<\/strong><\/p>\n","protected":false},"excerpt":{"rendered":"<p>A Comiss\u00e3o de Organiza\u00e7\u00e3o dos Empregados (COE) do Santander se re\u00fane com representantes do banco espanhol, em um Grupo de Trabalho (GT) de sa\u00fade, no dia 13 de novembro, para debater todos os programas de metas nas ag\u00eancias e departamentos. O objetivo \u00e9 reportar as demandas e reclama\u00e7\u00f5es dos trabalhadores sobre cobran\u00e7as excessivas para o [&hellip;]<\/p>\n","protected":false},"author":2,"featured_media":14676,"comment_status":"","ping_status":"","sticky":false,"template":"","format":"standard","meta":{"footnotes":""},"categories":[3],"tags":[],"class_list":["post-14677","post","type-post","status-publish","format-standard","has-post-thumbnail","hentry","category-noticias"],"_links":{"self":[{"href":"https:\/\/hostnetart.com.br\/baixada\/wp-json\/wp\/v2\/posts\/14677","targetHints":{"allow":["GET"]}}],"collection":[{"href":"https:\/\/hostnetart.com.br\/baixada\/wp-json\/wp\/v2\/posts"}],"about":[{"href":"https:\/\/hostnetart.com.br\/baixada\/wp-json\/wp\/v2\/types\/post"}],"author":[{"embeddable":true,"href":"https:\/\/hostnetart.com.br\/baixada\/wp-json\/wp\/v2\/users\/2"}],"replies":[{"embeddable":true,"href":"https:\/\/hostnetart.com.br\/baixada\/wp-json\/wp\/v2\/comments?post=14677"}],"version-history":[{"count":0,"href":"https:\/\/hostnetart.com.br\/baixada\/wp-json\/wp\/v2\/posts\/14677\/revisions"}],"wp:featuredmedia":[{"embeddable":true,"href":"https:\/\/hostnetart.com.br\/baixada\/wp-json\/wp\/v2\/media\/14676"}],"wp:attachment":[{"href":"https:\/\/hostnetart.com.br\/baixada\/wp-json\/wp\/v2\/media?parent=14677"}],"wp:term":[{"taxonomy":"category","embeddable":true,"href":"https:\/\/hostnetart.com.br\/baixada\/wp-json\/wp\/v2\/categories?post=14677"},{"taxonomy":"post_tag","embeddable":true,"href":"https:\/\/hostnetart.com.br\/baixada\/wp-json\/wp\/v2\/tags?post=14677"}],"curies":[{"name":"wp","href":"https:\/\/api.w.org\/{rel}","templated":true}]}}