{"id":14675,"date":"2023-10-25T16:35:02","date_gmt":"2023-10-25T19:35:02","guid":{"rendered":"https:\/\/hostnetart.com.br\/baixada\/senado-debate-adoecimento-relacionado-ao-trabalho-nos-bancos\/"},"modified":"2023-10-25T16:35:02","modified_gmt":"2023-10-25T19:35:02","slug":"senado-debate-adoecimento-relacionado-ao-trabalho-nos-bancos","status":"publish","type":"post","link":"https:\/\/hostnetart.com.br\/baixada\/senado-debate-adoecimento-relacionado-ao-trabalho-nos-bancos\/","title":{"rendered":"Senado debate adoecimento relacionado ao trabalho nos bancos"},"content":{"rendered":"<p>A Comiss\u00e3o de Direitos Humanos e Legisla\u00e7\u00e3o Participativa do Senado Federal realiza na nesta quinta-feira (26) audi\u00eancia p\u00fablica para tratar das condi\u00e7\u00f5es de trabalho insalubres nos bancos e os altos \u00edndices de adoecimento da categoria banc\u00e1ria. O evento \u00e9 resultado de pedido feito pela Confedera\u00e7\u00e3o Nacional dos Trabalhadores do Ramo Financeiro (Contraf-CUT), em of\u00edcio enviado para a senadora Augusta Brito (PT\/CE).<\/p>\n<p>Para Juvandia Moreira, presidenta da Contraf-CUT, \u00e9 a chance de furar a bolha da categoria. \u201cPrecisamos acabar com os geradores do adoecimento que, sabemos, est\u00e1 ligado ao ass\u00e9dio moral e \u00e0 cobran\u00e7a abusiva de cumprimento de metas inating\u00edveis. Para isso, \u00e9 fundamental que a popula\u00e7\u00e3o tamb\u00e9m conhe\u00e7a essa realidade dos bancos e os pressione a mudar\u201d.<\/p>\n<p>Al\u00e9m de representantes da Contraf-CUT, participam do Minist\u00e9rio do Trabalho e Emprego, Minist\u00e9rio P\u00fablico do Trabalho, Minist\u00e9rio da Previd\u00eancia Social (INSS), Minist\u00e9rio da Sa\u00fade, Funda\u00e7\u00e3o Jorge Duprat Figueiredo de Seguran\u00e7a e Medicina do Trabalho (Fundacentro), Federa\u00e7\u00e3o Nacional dos Bancos (Fenaban), al\u00e9m de outras entidades sindicais.<\/p>\n<p>Para Mauro Salles, secret\u00e1rio de Sa\u00fade da Contraf-CUT, a audi\u00eancia p\u00fablica \u00e9 um importante espa\u00e7o para que sejam apresentadas e debatidas as evid\u00eancias dos ambientes de trabalho como causa de adoecimento, f\u00edsico e mental, dos banc\u00e1rios em \u00e2mbito nacional. \u201cNossa categoria enfrenta problemas grav\u00edssimos de sa\u00fade, com n\u00edvel de adoecimento muito elevado. Dentro das ag\u00eancias envidra\u00e7adas com layout bem cuidado os banc\u00e1rios vivem dramas cotidianos. Os dados dispon\u00edveis, mesmo com a not\u00f3ria a subnotifica\u00e7\u00e3o no Brasil, \u00e9 alarmante e \u00e9 mais elevado que a m\u00e9dia das demais categorias\u201d, lamenta.<\/p>\n<p>O secret\u00e1rio aponta a press\u00e3o por resultados constantes, metas abusivas impostas com amea\u00e7as e o ass\u00e9dio moral como parte do cotidiano da categoria. \u201cIsto tem gerado sofrimento e adoecimento. O adoecimento ps\u00edquico tornou-se epid\u00eamico\u201d.<\/p>\n<p>\u201cA Contraf-CUT, ao longo do tempo, vem provocando importantes e necess\u00e1rios debates atrav\u00e9s de audi\u00eancias p\u00fablicas no Congresso Nacional. Essas audi\u00eancias t\u00eam por finalidade acumular conhecimentos, construir solu\u00e7\u00f5es e instruir encaminhamentos relativos aos temas que afligem n\u00e3o s\u00f3 a categoria banc\u00e1ria, mas toda a classe trabalhadora\u201d, disse o secret\u00e1rios de Rela\u00e7\u00f5es do Trabalho e respons\u00e1vel da Contraf-CUT pelo acompanhamento dos projetos e temas de interesse da classe trabalhadora no Congresso Nacional, Jeferson Meira, o Jef\u00e3o.<\/p>\n<h3>Adoecimento banc\u00e1rio<\/h3>\n<p>Apesar de representar 1% do emprego formal no Brasil, a categoria banc\u00e1ria representa 24% dos afastamentos acident\u00e1rios (B91) por doen\u00e7as mentais e comportamentais no pa\u00eds. Em 2012, esse percentual era de 12%.<\/p>\n<p>Nos \u00faltimos 5 anos o n\u00famero de afastamentos nos bancos aumentou 26,2%, enquanto no geral a varia\u00e7\u00e3o foi de 15,4%, ou seja, entre os banc\u00e1rios a varia\u00e7\u00e3o foi 1,7 vezes maior do que na m\u00e9dia dos outros setores.<\/p>\n<p>Nos afastamentos Acident\u00e1rios (B91) as doen\u00e7as mentais e comportamentais sa\u00edram de 30% em 2012 para 55% em 2021 e as doen\u00e7as nervosas sa\u00edram de 9% para 16%. De 1996 a 2005 ocorreram um suic\u00eddio a cada vinte dias entre os banc\u00e1rios. Em muitas situa\u00e7\u00f5es nos pr\u00f3prios locais de trabalho. Mauro Salles cita o psiquiatra franc\u00eas Christophe Dejours, \u201co facto de as pessoas irem suicidar-se no local de trabalho tem obviamente um significado. Os suic\u00eddios nos locais de trabalho s\u00e3o reveladores de profunda degrada\u00e7\u00e3o da vida e da solidariedade, fato que n\u00e3o pode ser banalizado. \u00c9 uma mensagem extremamente brutal e aponta liga\u00e7\u00e3o com as situa\u00e7\u00f5es de trabalho\u201d.<\/p>\n<p>O secret\u00e1rio de Sa\u00fade lembra das a\u00e7\u00f5es judiciais individuais e coletivas que t\u00eam condenado os bancos em rela\u00e7\u00e3o \u00e0 press\u00e3o exacerbada por resultados, sendo o ass\u00e9dio moral ferramenta de gest\u00e3o, comprovando a triste realidade que os banc\u00e1rios est\u00e3o passando onde o adoecimento tem clara rela\u00e7\u00e3o com as metas abusivas e o ass\u00e9dio moral.<\/p>\n<p>\u201cQuando o trabalhador adoece os bancos dificultam o tratamento, discriminado, descomissionando e demitindo. O ato de trabalhar tem gerado sofrimento e mortes, caracterizando um grave problema de sa\u00fade p\u00fablica, mas que n\u00e3o tem a visibilidade necess\u00e1ria. Quando n\u00e3o conseguem mais aguentar e t\u00eam uma doen\u00e7a, vivenciam a plenitude do desamparo. Os m\u00e9dicos das empresas buscam descaracterizar ou minimizar o problema, desqualificando uma rela\u00e7\u00e3o m\u00e9dico\/paciente e trabalhando na l\u00f3gica mercantil das empresas\u201d.<\/p>\n<p>Para agravar a situa\u00e7\u00e3o, quando os trabalhadores necessitam do acesso \u00e0 Previd\u00eancia Social para tratamento, s\u00e3o maltratados. O INSS cria in\u00fameros empecilhos para o acesso aos direitos. \u201cO momento exige que o INSS cumpra seu papel legal de prote\u00e7\u00e3o da sa\u00fade do trabalhador e da trabalhadora. E os bancos precisam cumprir a lei e garantir condi\u00e7\u00f5es dignas de trabalho. Caso o trabalhador necessite recorrer \u00e0s institui\u00e7\u00f5es do Estado as dificuldades persistem. Houve um verdadeiro desmonte das estruturas do estado respons\u00e1veis pela seguridade social\u201d, aponta.<\/p>\n<p>Na Previd\u00eancia Social, de acordo com ele, persiste uma cultura que vem de longe. \u201cO mart\u00edrio \u00e9 desumano, com situa\u00e7\u00f5es de humilha\u00e7\u00e3o, constrangimentos e desrespeito durante a per\u00edcia m\u00e9dica. N\u00e3o atua e n\u00e3o se interessa pela preven\u00e7\u00e3o e pelo controle dos acidentes de trabalho. Agindo apenas na \u2018repara\u00e7\u00e3o\u2019 dos danos, n\u00e3o se integrou ao modelo de seguridade social previsto na Constitui\u00e7\u00e3o de 1988. Prioriza o corte de benef\u00edcios, numa l\u00f3gica econ\u00f4mica e atuarial, n\u00e3o levando em conta a sa\u00fade dos trabalhadores\u201d.<\/p>\n<p><b>Fonte: Contraf-CUT<\/b><\/p>\n","protected":false},"excerpt":{"rendered":"<p>A Comiss\u00e3o de Direitos Humanos e Legisla\u00e7\u00e3o Participativa do Senado Federal realiza na nesta quinta-feira (26) audi\u00eancia p\u00fablica para tratar das condi\u00e7\u00f5es de trabalho insalubres nos bancos e os altos \u00edndices de adoecimento da categoria banc\u00e1ria. O evento \u00e9 resultado de pedido feito pela Confedera\u00e7\u00e3o Nacional dos Trabalhadores do Ramo Financeiro (Contraf-CUT), em of\u00edcio enviado [&hellip;]<\/p>\n","protected":false},"author":2,"featured_media":14674,"comment_status":"","ping_status":"","sticky":false,"template":"","format":"standard","meta":{"footnotes":""},"categories":[3],"tags":[],"class_list":["post-14675","post","type-post","status-publish","format-standard","has-post-thumbnail","hentry","category-noticias"],"_links":{"self":[{"href":"https:\/\/hostnetart.com.br\/baixada\/wp-json\/wp\/v2\/posts\/14675","targetHints":{"allow":["GET"]}}],"collection":[{"href":"https:\/\/hostnetart.com.br\/baixada\/wp-json\/wp\/v2\/posts"}],"about":[{"href":"https:\/\/hostnetart.com.br\/baixada\/wp-json\/wp\/v2\/types\/post"}],"author":[{"embeddable":true,"href":"https:\/\/hostnetart.com.br\/baixada\/wp-json\/wp\/v2\/users\/2"}],"replies":[{"embeddable":true,"href":"https:\/\/hostnetart.com.br\/baixada\/wp-json\/wp\/v2\/comments?post=14675"}],"version-history":[{"count":0,"href":"https:\/\/hostnetart.com.br\/baixada\/wp-json\/wp\/v2\/posts\/14675\/revisions"}],"wp:featuredmedia":[{"embeddable":true,"href":"https:\/\/hostnetart.com.br\/baixada\/wp-json\/wp\/v2\/media\/14674"}],"wp:attachment":[{"href":"https:\/\/hostnetart.com.br\/baixada\/wp-json\/wp\/v2\/media?parent=14675"}],"wp:term":[{"taxonomy":"category","embeddable":true,"href":"https:\/\/hostnetart.com.br\/baixada\/wp-json\/wp\/v2\/categories?post=14675"},{"taxonomy":"post_tag","embeddable":true,"href":"https:\/\/hostnetart.com.br\/baixada\/wp-json\/wp\/v2\/tags?post=14675"}],"curies":[{"name":"wp","href":"https:\/\/api.w.org\/{rel}","templated":true}]}}