{"id":14673,"date":"2023-10-25T16:33:05","date_gmt":"2023-10-25T19:33:05","guid":{"rendered":"https:\/\/hostnetart.com.br\/baixada\/forum-sindical-internacional-sobre-a-digitalizacao-financeira-comeca-nesta-quarta-25\/"},"modified":"2023-10-25T16:33:05","modified_gmt":"2023-10-25T19:33:05","slug":"forum-sindical-internacional-sobre-a-digitalizacao-financeira-comeca-nesta-quarta-25","status":"publish","type":"post","link":"https:\/\/hostnetart.com.br\/baixada\/forum-sindical-internacional-sobre-a-digitalizacao-financeira-comeca-nesta-quarta-25\/","title":{"rendered":"F\u00f3rum Sindical Internacional sobre a Digitaliza\u00e7\u00e3o Financeira come\u00e7a nesta quarta (25)"},"content":{"rendered":"<p>A situa\u00e7\u00e3o atual da digitaliza\u00e7\u00e3o no setor financeiro, trajet\u00f3ria das fintechs e os desafios do movimento sindical na Am\u00e9rica Latina, diante da transforma\u00e7\u00e3o no mercado de trabalho impostas pela automatiza\u00e7\u00e3o do sistema banc\u00e1rio, s\u00e3o alguns dos temas que ser\u00e3o discutidos no F\u00f3rum Sindical Internacional sobre a Digitaliza\u00e7\u00e3o Financeira, que come\u00e7a nesta quarta-feira (25) e vai at\u00e9 s\u00e1bado (28), na sede da Confedera\u00e7\u00e3o Nacional dos Trabalhadores do Ramo Financeiro (Contraf-CUT), uma das organizadoras do evento, na capital de S\u00e3o Paulo.<\/p>\n<p>\u201cEsse f\u00f3rum \u00e9 realizado em parceria com a UNI Am\u00e9ricas finan\u00e7as, Funda\u00e7\u00e3o Friedrich Ebert Stiftung e Sask. E tem um papel fundamental na troca de experi\u00eancias do movimento sindical de v\u00e1rios pa\u00edses, para entendermos o cen\u00e1rio atual e apontarmos caminhos \u00e0 nossa atua\u00e7\u00e3o, em defesa das trabalhadoras e trabalhadores do sistema financeiro\u201d, explica a secret\u00e1ria de Rela\u00e7\u00f5es Internacionais da Contraf-CUT, Rita Berlofa.<\/p>\n<p>O f\u00f3rum contar\u00e1 com representantes dos sindicatos latino-americanos de Argentina, Chile, Col\u00f4mbia, Costa Rica, El Salvador, M\u00e9xico, Paraguai, Peru e Brasil. Veja a seguir, a programa\u00e7\u00e3o:<\/p>\n<h3><strong>F\u00f3rum Sindical Internacional sobre a Digitaliza\u00e7\u00e3o Financeira<\/strong><\/h3>\n<p><strong>25 de outubro, quarta<br \/>Hor\u00e1rio de Bras\u00edlia<\/strong><\/p>\n<p>9:30 \u2013 Abertura<br \/>10:20 \u2013 <em>Nomea\u00e7\u00e3o dos membros da Comiss\u00e3o para o Tratamento Profissional e Cort\u00eas<\/em><br \/>10:30 \u2013<em> \u201cSitua\u00e7\u00e3o atual da digitaliza\u00e7\u00e3o financeira\u201d pela Comiss\u00e3o T\u00e9cnica Consultiva da AEBU<\/em><br \/>11:15 \u2013 <em>\u201cA trajet\u00f3ria de desenvolvimento da ind\u00fastria FINTECH na Am\u00e9rica Central\u201d por Magda Miranda Alvarado e Luis Sol\u00eds Ort\u00edz (Observatorio Sindical Costa Rica)<\/em><\/p>\n<p>11:35 \u2013 Pausa para caf\u00e9<\/p>\n<p>11:50 \u2013 <em>\u201cTransforma\u00e7\u00f5es no mercado financeiro e seu impacto no emprego\u201d pela CONTRAF<\/em> <em>CUT \u2013 Brasil<\/em><br \/>12:30 \u2013 <em>Interven\u00e7\u00f5es gerais<\/em><\/p>\n<p>13:00 \u2013 Almo\u00e7o<\/p>\n<p>14:30 \u2013 <em>\u201cBancariza\u00e7\u00e3o e automatiza\u00e7\u00e3o, o papel do Banco\u201d por Marco Bonnefoy (CSTEBA \u2013 Chile)<\/em><br \/>14:50 \u2013 <em>\u201cO desafio dos sindicatos face \u00e0 digitaliza\u00e7\u00e3o financeira\u201d por Patricia Rinaldi (La Bancaria \u2013 Argentina)<\/em><br \/>15:20 \u2013 <em>\u201cA experi\u00eancia da criptomoeda em El Salvador\u201d por Oswaldo Alarc\u00f3n<br \/>(SITRAFOSVI \u2013 El Salvador)<\/em><\/p>\n<p>16:30 \u2013 Encerramento<\/p>\n<p><strong>26 de outubro, quinta<br \/>Hor\u00e1rio de Bras\u00edlia<br \/><\/strong><br \/>9:30 \u2013 <em>\u201cImpacto laboral da digitaliza\u00e7\u00e3o no sistema financeiro. Apresenta\u00e7\u00f5es da situa\u00e7\u00e3o no sistema financeiro\u201d \u2013 Argentina, Brasil, Chile, Col\u00f4mbia, Costa Rica, El Salvador, M\u00e9xico, Paraguai e Peru<\/em><\/p>\n<p>13:00 \u2013 Almo\u00e7o<\/p>\n<p>14:30 \u2013 <em>Rede Sindical Internacional do Banco Santander<br \/>\u00a0\u201cImpacto da digitaliza\u00e7\u00e3o no Banco Santander, presente e futuro\u201d.<br \/>\u00a0Interven\u00e7\u00f5es: CONTRAF CUT \/ CSTEBA \/ AEBU \/ La Bancaria<\/em><\/p>\n<p>15:45 \u2013 Pausa para caf\u00e9<\/p>\n<p>16:00 \u2013 <em>Continua\u00e7\u00e3o das interven\u00e7\u00f5es<\/em><\/p>\n<p>17:00 \u2013 Encerramento<\/p>\n<p><strong>27 de outubro, sexta<br \/>Hor\u00e1rio de Bras\u00edlia<\/strong><\/p>\n<p>9:30 \u2013 <em>Continua\u00e7\u00e3o da Rede Sindical Internacional Banco Santander<br \/>Apresenta\u00e7\u00e3o FESMC-UGT Representativa Santander<br \/>Apresenta\u00e7\u00e3o Fes CCOO Representante Fes Santander<\/em><\/p>\n<p>11:30 \u2013 Pausa para caf\u00e9<\/p>\n<p>12:00 \u2013 <em>Conclus\u00f5es<\/em><\/p>\n<p>13:00 \u2013 Almo\u00e7o<\/p>\n<p>14:30 \u2013 <em>2\u00aa Reuni\u00e3o da Comiss\u00e3o Trilateral para a Digitaliza\u00e7\u00e3o Financeira<br \/>(Associa\u00e7\u00e3o dos Bancos \u2013 AEBU \u2013 CONTRAF CUT)<br \/>Todas as delega\u00e7\u00f5es s\u00e3o convidadas a participar.<\/em><\/p>\n<p>16:30 \u2013 Encerramento<\/p>\n<p><strong>28 de outubro, s\u00e1bado \u00a0<br \/>Hor\u00e1rio de Bras\u00edlia<\/strong><\/p>\n<p>9:30 \u2013 Abertura<br \/>10:00 \u2013 <em>\u201cA conversa p\u00fablica e as redes sociais. Desafios para as organiza\u00e7\u00f5es sindicais\u201d \u2013 Apresenta\u00e7\u00e3o do mapeamento<\/em><\/p>\n<p>11:30 \u2013 Pausa para caf\u00e9<\/p>\n<p>11:45 \u2013<em> \u201cFuturos estrat\u00e9gicos para colmatar os fossos digitais, ferramentas potenciais e comunica\u00e7\u00e3o colectiva digital\u201d pela FES Sindical<\/em><\/p>\n<p>13:00 \u2013 Almo\u00e7o<\/p>\n<p>14:30 \u2013 <em>MESA Experi\u00eancias e desafios.<\/em><br \/>\u2013 \u201cA mensagem do sindicato na comunica\u00e7\u00e3o moderna. Estrat\u00e9gias para alcan\u00e7ar os jovens trabalhadores\u201d pela CONTRAF CUT.<br \/>\u2013 \u201cFerramentas modernas para contactar com os trabalhadores, APPs e redes sociais\u201d por Catalina Beltran (ACEB).<br \/>\u2013 \u201cA mensagem sindical comprometida com as lutas sociopol\u00edticas\u201d por Ana Muga (CSTEBA -Chile).<br \/>\u2013 \u201cOtimizando a comunica\u00e7\u00e3o digital, os sindicatos ganham poder\u201d da AEBU.<\/p>\n<p>16:30 \u2013 Encerramento<\/p>\n<p><b>Fonte: Contraf-CUT<\/b><\/p>\n","protected":false},"excerpt":{"rendered":"<p>A situa\u00e7\u00e3o atual da digitaliza\u00e7\u00e3o no setor financeiro, trajet\u00f3ria das fintechs e os desafios do movimento sindical na Am\u00e9rica Latina, diante da transforma\u00e7\u00e3o no mercado de trabalho impostas pela automatiza\u00e7\u00e3o do sistema banc\u00e1rio, s\u00e3o alguns dos temas que ser\u00e3o discutidos no F\u00f3rum Sindical Internacional sobre a Digitaliza\u00e7\u00e3o Financeira, que come\u00e7a nesta quarta-feira (25) e vai [&hellip;]<\/p>\n","protected":false},"author":2,"featured_media":14672,"comment_status":"","ping_status":"","sticky":false,"template":"","format":"standard","meta":{"footnotes":""},"categories":[3],"tags":[],"class_list":["post-14673","post","type-post","status-publish","format-standard","has-post-thumbnail","hentry","category-noticias"],"_links":{"self":[{"href":"https:\/\/hostnetart.com.br\/baixada\/wp-json\/wp\/v2\/posts\/14673","targetHints":{"allow":["GET"]}}],"collection":[{"href":"https:\/\/hostnetart.com.br\/baixada\/wp-json\/wp\/v2\/posts"}],"about":[{"href":"https:\/\/hostnetart.com.br\/baixada\/wp-json\/wp\/v2\/types\/post"}],"author":[{"embeddable":true,"href":"https:\/\/hostnetart.com.br\/baixada\/wp-json\/wp\/v2\/users\/2"}],"replies":[{"embeddable":true,"href":"https:\/\/hostnetart.com.br\/baixada\/wp-json\/wp\/v2\/comments?post=14673"}],"version-history":[{"count":0,"href":"https:\/\/hostnetart.com.br\/baixada\/wp-json\/wp\/v2\/posts\/14673\/revisions"}],"wp:featuredmedia":[{"embeddable":true,"href":"https:\/\/hostnetart.com.br\/baixada\/wp-json\/wp\/v2\/media\/14672"}],"wp:attachment":[{"href":"https:\/\/hostnetart.com.br\/baixada\/wp-json\/wp\/v2\/media?parent=14673"}],"wp:term":[{"taxonomy":"category","embeddable":true,"href":"https:\/\/hostnetart.com.br\/baixada\/wp-json\/wp\/v2\/categories?post=14673"},{"taxonomy":"post_tag","embeddable":true,"href":"https:\/\/hostnetart.com.br\/baixada\/wp-json\/wp\/v2\/tags?post=14673"}],"curies":[{"name":"wp","href":"https:\/\/api.w.org\/{rel}","templated":true}]}}