{"id":14671,"date":"2023-10-24T17:00:31","date_gmt":"2023-10-24T20:00:31","guid":{"rendered":"https:\/\/hostnetart.com.br\/baixada\/emprego-bancario-cai-pelo-11-mes-seguido\/"},"modified":"2023-10-24T17:00:31","modified_gmt":"2023-10-24T20:00:31","slug":"emprego-bancario-cai-pelo-11-mes-seguido","status":"publish","type":"post","link":"https:\/\/hostnetart.com.br\/baixada\/emprego-bancario-cai-pelo-11-mes-seguido\/","title":{"rendered":"Emprego banc\u00e1rio cai pelo 11\u00ba m\u00eas seguido"},"content":{"rendered":"<p>A Pesquisa do Emprego Banc\u00e1rio (PEB) de outubro de 2023 mostra que o fechamento de vagas no setor banc\u00e1rio se manteve pelo 11\u00ba m\u00eas consecutivo. De outubro de 2022 a agosto de 2023, foram extintas 5.982 vagas. Desde junho, por\u00e9m, esse ritmo tem apresentado algum arrefecimento, o que pode apontar para certa estabiliza\u00e7\u00e3o ou melhora nos pr\u00f3ximos meses. Neste ano, a redu\u00e7\u00e3o de vagas ultrapassou a casa de 5,4 mil, enquanto nos \u00faltimos 12 meses chegou aos 5,8 mil.<\/p>\n<p>Em agosto, os bancos comerciais, os m\u00faltiplos sem carteira comercial e a Caixa, juntos, ampliaram em 313 vagas, 265 delas apenas da Caixa. Os bancos m\u00faltiplos com carteira comercial, classifica\u00e7\u00e3o que engloba a maior parte dos bancos privados e o Banco do Brasil, por outro lado, fecharam 341 vagas. No ano, esse mesmo recorte do setor eliminou 5.516 vagas e nos \u00faltimos 12 meses apresentou resultado negativo de 5.754.<\/p>\n<p>Houve mais contrata\u00e7\u00e3o do que demiss\u00e3o em 18 das 27 unidades da federa\u00e7\u00e3o, com cen\u00e1rio mais favor\u00e1vel na Bahia (115 vagas), seguida pelo Rio de Janeiro (66) e por Amazonas (35). O contr\u00e1rio se deu em nove estados, com destaque para S\u00e3o Paulo (menos 564 vagas), Minas Gerais (86) e Paran\u00e1 (11). De janeiro a agosto, o n\u00famero de postos fechados s\u00f3 em S\u00e3o Paulo passou dos 2,9 mil, ou 53,7% do saldo negativo de todo o pa\u00eds.<\/p>\n<h3><strong>Idade e sexo<\/strong><\/h3>\n<p>Em agosto, o resultado negativo se deu exclusivamente entre mulheres, com o fechamento de 187 vagas. Entre homens ocorreu a abertura de 141 vagas. A contrata\u00e7\u00e3o de homens foi 10,7% superior \u00e0 de mulheres, e os desligamentos, por outro lado, foi 7,6% maior entre elas.<\/p>\n<p>Entre os profissionais com at\u00e9 29 anos, registrou-se amplia\u00e7\u00e3o de 1.030 vagas, enquanto para as faixas et\u00e1rias superiores, a movimenta\u00e7\u00e3o foi inversa, com fechamento de 1.076 postos. A maior propor\u00e7\u00e3o de contratados foi entre homens de at\u00e9 29 anos (29,5%), seguido de mulheres dessa mesma faixa (26,6%). As demiss\u00f5es foram mais acentuadas para mulheres acima de 30 anos (35,1%), seguida por homens acima de 30 anos (35,1%).<\/p>\n<h3><strong>Remunera\u00e7\u00e3o<\/strong><\/h3>\n<p>O sal\u00e1rio mensal m\u00e9dio do banc\u00e1rio admitido em agosto foi de R$ 5.249, 72,78% daquele que foi desligado, que era de R$ 7.212.<\/p>\n<h3><strong>Na contram\u00e3o<\/strong><\/h3>\n<p>O secret\u00e1rio da Confedera\u00e7\u00e3o Nacional dos Trabalhadores do Ramo Financeiro (Contraf-CUT), Walcir Previtale, observa que \u201co sistema financeiro segue na contram\u00e3o do crescimento econ\u00f4mico, com gera\u00e7\u00e3o de emprego, distribui\u00e7\u00e3o de renda e diminui\u00e7\u00e3o da desigualdade social, que ocorre no Brasil nos \u00faltimos meses\u201d. Para o secret\u00e1rio, \u201cao fechar postos de trabalho de forma cont\u00ednua, impondo \u00e0 categoria uma inseguran\u00e7a social brutal, o sistema financeiro n\u00e3o caminha no sentido do que prega a Constitui\u00e7\u00e3o Federal\u201d.<\/p>\n<p>Com rela\u00e7\u00e3o aos dados da pesquisa, Walcir ressalta que \u201cos n\u00fameros mostram uma tend\u00eancia j\u00e1 conhecida, que \u00e9 um sinal de alerta para a categoria, pois a elimina\u00e7\u00e3o de postos de trabalho tem ocorrido de maneira generalizada, em todas as \u00e1reas\u201d. O dirigente acrescenta que \u201cos principais bancos caminham no sentido contr\u00e1rio da gera\u00e7\u00e3o de emprego e renda, com pol\u00edticas de fechamento de ag\u00eancias, terceiriza\u00e7\u00e3o e demiss\u00e3o de trabalhadores, ao mesmo tempo em que apresentam balan\u00e7os bilion\u00e1rios, com alta lucratividade, drenando para os seus cofres boa parte da riqueza socialmente produzida\u201d. Walcir ainda questiona: \u201cDiante dessa situa\u00e7\u00e3o, inadmiss\u00edvel e que precisa ser mudada, afinal qual \u00e9 o papel do sistema financeiro em nossa sociedade?\u201d<\/p>\n<h3><strong>Ramo Financeiro<\/strong><\/h3>\n<p>No ramo financeiro, exclu\u00edda a categoria banc\u00e1ria, em agosto houve a abertura de 2.255 postos. Nos \u00faltimos 12 meses, foram criadas 15,8 mil vagas, m\u00e9dia de 1,3 mil por m\u00eas. As atividades que mais contrataram foram plano de sa\u00fade (869), cr\u00e9dito cooperativo (821) e administra\u00e7\u00e3o de cart\u00f5es de cr\u00e9dito (159).<\/p>\n<h3><strong>Emprego geral<\/strong><\/h3>\n<p>O Brasil apresentou expans\u00e3o do emprego celetista, em agosto de 2023, de 220.844 postos, com 2.099.211 admiss\u00f5es e 1.878.367 demiss\u00f5es. O saldo foi positivo em todos os grandes grupamentos econ\u00f4micos: servi\u00e7os (114.439 postos), com\u00e9rcio (41.843), ind\u00fastria (31.086), constru\u00e7\u00e3o (28.359) e agropecu\u00e1ria (5.126).<\/p>\n<p>Os resultados gerais do mercado de trabalho, que incorporam emprego formal e informal, no trimestre m\u00f3vel de junho a agosto de 2023, a taxa de desocupa\u00e7\u00e3o foi de 7,8%, (8,4 milh\u00f5es de desempregados), a subutiliza\u00e7\u00e3o da for\u00e7a de trabalho foi estimada em 17,7% (20,2 milh\u00f5es de pessoas) e o contingente de pessoas desalentadas passou de 3,6 milh\u00f5es.<\/p>\n<p>A <a href=\"https:\/\/contrafcut.com.br\/peb-no-27-outubro-vf\/\" target=\"_blank\" rel=\"noopener noreferrer\">PEB<\/a> \u00e9 realizada pela Rede Banc\u00e1rios do Departamento Intersindical de Estat\u00edstica e Estudos Socioecon\u00f4micos (Dieese), com dados do Novo Caged (Cadastro Geral de Empregados e Desempregados), do Minist\u00e9rio do Trabalho e Emprego.<\/p>\n<p><b>Fonte: Contraf-CUT<\/b><\/p>\n","protected":false},"excerpt":{"rendered":"<p>A Pesquisa do Emprego Banc\u00e1rio (PEB) de outubro de 2023 mostra que o fechamento de vagas no setor banc\u00e1rio se manteve pelo 11\u00ba m\u00eas consecutivo. De outubro de 2022 a agosto de 2023, foram extintas 5.982 vagas. Desde junho, por\u00e9m, esse ritmo tem apresentado algum arrefecimento, o que pode apontar para certa estabiliza\u00e7\u00e3o ou melhora [&hellip;]<\/p>\n","protected":false},"author":2,"featured_media":14670,"comment_status":"","ping_status":"","sticky":false,"template":"","format":"standard","meta":{"footnotes":""},"categories":[3],"tags":[],"class_list":["post-14671","post","type-post","status-publish","format-standard","has-post-thumbnail","hentry","category-noticias"],"_links":{"self":[{"href":"https:\/\/hostnetart.com.br\/baixada\/wp-json\/wp\/v2\/posts\/14671","targetHints":{"allow":["GET"]}}],"collection":[{"href":"https:\/\/hostnetart.com.br\/baixada\/wp-json\/wp\/v2\/posts"}],"about":[{"href":"https:\/\/hostnetart.com.br\/baixada\/wp-json\/wp\/v2\/types\/post"}],"author":[{"embeddable":true,"href":"https:\/\/hostnetart.com.br\/baixada\/wp-json\/wp\/v2\/users\/2"}],"replies":[{"embeddable":true,"href":"https:\/\/hostnetart.com.br\/baixada\/wp-json\/wp\/v2\/comments?post=14671"}],"version-history":[{"count":0,"href":"https:\/\/hostnetart.com.br\/baixada\/wp-json\/wp\/v2\/posts\/14671\/revisions"}],"wp:featuredmedia":[{"embeddable":true,"href":"https:\/\/hostnetart.com.br\/baixada\/wp-json\/wp\/v2\/media\/14670"}],"wp:attachment":[{"href":"https:\/\/hostnetart.com.br\/baixada\/wp-json\/wp\/v2\/media?parent=14671"}],"wp:term":[{"taxonomy":"category","embeddable":true,"href":"https:\/\/hostnetart.com.br\/baixada\/wp-json\/wp\/v2\/categories?post=14671"},{"taxonomy":"post_tag","embeddable":true,"href":"https:\/\/hostnetart.com.br\/baixada\/wp-json\/wp\/v2\/tags?post=14671"}],"curies":[{"name":"wp","href":"https:\/\/api.w.org\/{rel}","templated":true}]}}