{"id":14669,"date":"2023-10-23T19:23:53","date_gmt":"2023-10-23T22:23:53","guid":{"rendered":"https:\/\/hostnetart.com.br\/baixada\/santander-repete-na-argentina-processo-de-terceirizacao-e-desrespeito-a-acordos-coletivos\/"},"modified":"2023-10-23T19:23:53","modified_gmt":"2023-10-23T22:23:53","slug":"santander-repete-na-argentina-processo-de-terceirizacao-e-desrespeito-a-acordos-coletivos","status":"publish","type":"post","link":"https:\/\/hostnetart.com.br\/baixada\/santander-repete-na-argentina-processo-de-terceirizacao-e-desrespeito-a-acordos-coletivos\/","title":{"rendered":"Santander repete na Argentina processo de terceiriza\u00e7\u00e3o e desrespeito a acordos coletivos"},"content":{"rendered":"<p>A greve nacional banc\u00e1ria prevista para a \u00faltima sexta-feira (20\/10) na Argentina foi suspensa ap\u00f3s determina\u00e7\u00e3o do Minist\u00e9rio do Trabalho daquele pa\u00eds, que tamb\u00e9m convocou uma reuni\u00e3o entre a Asociaci\u00f3n Bancaria (o sindicato dos banc\u00e1rios argentinos) e representantes dos bancos Santander, Galicia e Supervielle.<\/p>\n<p>O movimento sindical banc\u00e1rio argentino denuncia as empresas pelo descumprimento do Acordo Coletivo de Trabalho, pr\u00e1tica injusta nas mesas de negocia\u00e7\u00e3o, terceiriza\u00e7\u00e3o e fechamento de ag\u00eancias e redu\u00e7\u00e3o de postos de trabalho, em grande escala, ocasionando a sobrecarga dos funcion\u00e1rios que permanecem.<\/p>\n<p>A secret\u00e1ria de Rela\u00e7\u00f5es Internacionais da Confedera\u00e7\u00e3o Nacional dos Trabalhadores do Ramo Financeiro (Contraf-CUT), Rita Berlofa, explica que o desrespeito sofrido pelos trabalhadores do Santander na Argentina \u00e9 o mesmo sofrido pelos banc\u00e1rios do Santander aqui no Brasil. \u201cN\u00f3s nos solidarizamos aos nossos irm\u00e3os e vizinhos argentinos. O movimento do Santander, de retirada de direitos dos trabalhadores, \u00e9 um movimento global, portanto a nossa luta precisa ser articulada no \u00e2mbito internacional\u201d, explica.<\/p>\n<p>Aqui no Brasil, Rita lembra que, desde o segundo semestre de 2021, o banco intensificou o processo de terceiriza\u00e7\u00e3o, com a cria\u00e7\u00e3o de seis empresas, cada uma com funcion\u00e1rios vinculados a um sindicato diferente. \u201cA terceiriza\u00e7\u00e3o causa separa\u00e7\u00e3o entre os trabalhadores e, com isso, enfraquece os direitos conquistados na conven\u00e7\u00e3o coletiva da categoria banc\u00e1ria. E esse processo \u00e9 repetido pelo Santander em outros pa\u00edses\u201d, destaca.<\/p>\n<p>A justi\u00e7a brasileira j\u00e1 <a href=\"https:\/\/contrafcut.com.br\/noticias\/justica-condena-santander-por-fraudar-contratacao-de-bancario\/\" target=\"_blank\" rel=\"noopener noreferrer\">condenou tr\u00eas vezes o Santander por fraudar a contrata\u00e7\u00e3o de banc\u00e1rios<\/a>, a partir da altera\u00e7\u00e3o de contrato para transferir trabalhadores, de forma compuls\u00f3ria, do CNPJ do Santander para um dos CNPJs das empresas criadas. \u201cO objetivo com isso \u00e9 rebaixar sal\u00e1rios e direitos, al\u00e9m de fragilizar a organiza\u00e7\u00e3o sindical por meio da fragmenta\u00e7\u00e3o da categoria\u201d, explica a coordenadora da Comiss\u00e3o de Organiza\u00e7\u00e3o dos Empregados do Santander, Wanessa de Queiroz.<\/p>\n<p>Rita observa que nunca foi t\u00e3o fundamental \u00e0 classe trabalhadora a organiza\u00e7\u00e3o internacional. \u201cA globaliza\u00e7\u00e3o capitalista desregula os direitos do trabalhador e as cl\u00e1usulas sociais conquistadas nos acordos coletivos. Isso fica claro com a escalada da precariza\u00e7\u00e3o do mercado de trabalho n\u00e3o apenas no Brasil, como no mundo, onde estamos vendo que a principal oportunidade de trabalho que \u00e9 apresentada hoje s\u00e3o as plataformas de aplicativos\u201d, aponta. \u201cPor isso, temos dado cada vez mais destaque para a unidade dos movimentos sociais progressistas, do movimento sindical de trabalhadores. \u00c9 essa unidade que impediu perdas maiores de direitos nos \u00faltimos anos e que vai permitir que tenhamos for\u00e7a contra as novas press\u00f5es do capitalismo vigente\u201d, conclui.<\/p>\n<p><strong>Fonte: Contraf-CUT<\/strong><\/p>\n","protected":false},"excerpt":{"rendered":"<p>A greve nacional banc\u00e1ria prevista para a \u00faltima sexta-feira (20\/10) na Argentina foi suspensa ap\u00f3s determina\u00e7\u00e3o do Minist\u00e9rio do Trabalho daquele pa\u00eds, que tamb\u00e9m convocou uma reuni\u00e3o entre a Asociaci\u00f3n Bancaria (o sindicato dos banc\u00e1rios argentinos) e representantes dos bancos Santander, Galicia e Supervielle. O movimento sindical banc\u00e1rio argentino denuncia as empresas pelo descumprimento do [&hellip;]<\/p>\n","protected":false},"author":2,"featured_media":14668,"comment_status":"","ping_status":"","sticky":false,"template":"","format":"standard","meta":{"footnotes":""},"categories":[3],"tags":[],"class_list":["post-14669","post","type-post","status-publish","format-standard","has-post-thumbnail","hentry","category-noticias"],"_links":{"self":[{"href":"https:\/\/hostnetart.com.br\/baixada\/wp-json\/wp\/v2\/posts\/14669","targetHints":{"allow":["GET"]}}],"collection":[{"href":"https:\/\/hostnetart.com.br\/baixada\/wp-json\/wp\/v2\/posts"}],"about":[{"href":"https:\/\/hostnetart.com.br\/baixada\/wp-json\/wp\/v2\/types\/post"}],"author":[{"embeddable":true,"href":"https:\/\/hostnetart.com.br\/baixada\/wp-json\/wp\/v2\/users\/2"}],"replies":[{"embeddable":true,"href":"https:\/\/hostnetart.com.br\/baixada\/wp-json\/wp\/v2\/comments?post=14669"}],"version-history":[{"count":0,"href":"https:\/\/hostnetart.com.br\/baixada\/wp-json\/wp\/v2\/posts\/14669\/revisions"}],"wp:featuredmedia":[{"embeddable":true,"href":"https:\/\/hostnetart.com.br\/baixada\/wp-json\/wp\/v2\/media\/14668"}],"wp:attachment":[{"href":"https:\/\/hostnetart.com.br\/baixada\/wp-json\/wp\/v2\/media?parent=14669"}],"wp:term":[{"taxonomy":"category","embeddable":true,"href":"https:\/\/hostnetart.com.br\/baixada\/wp-json\/wp\/v2\/categories?post=14669"},{"taxonomy":"post_tag","embeddable":true,"href":"https:\/\/hostnetart.com.br\/baixada\/wp-json\/wp\/v2\/tags?post=14669"}],"curies":[{"name":"wp","href":"https:\/\/api.w.org\/{rel}","templated":true}]}}