{"id":14667,"date":"2023-10-23T19:23:03","date_gmt":"2023-10-23T22:23:03","guid":{"rendered":"https:\/\/hostnetart.com.br\/baixada\/conheca-a-nova-direcao-executiva-da-cut-para-2023-2027\/"},"modified":"2023-10-23T19:23:03","modified_gmt":"2023-10-23T22:23:03","slug":"conheca-a-nova-direcao-executiva-da-cut-para-2023-2027","status":"publish","type":"post","link":"https:\/\/hostnetart.com.br\/baixada\/conheca-a-nova-direcao-executiva-da-cut-para-2023-2027\/","title":{"rendered":"Conhe\u00e7a a nova Dire\u00e7\u00e3o Executiva da CUT para 2023\/2027"},"content":{"rendered":"<p>No \u00faltimo s\u00e1bado (21), durante o 14\u00b0 Congresso Nacional da CUT (Concut), foi eleita a diretoria executiva da entidade que estar\u00e1 \u00e0 frente da entidade nos pr\u00f3ximos quatro anos (2023 a 2027).<\/p>\n<p>Para a presid\u00eancia foi reeleito o metal\u00fargico do ABC Sergio Nobre. A vice-presid\u00eancia ficar\u00e1 com a banc\u00e1ria Juvandia Moreira, tamb\u00e9m presidenta da Confedera\u00e7\u00e3o Nacional dos Trabalhadores do Ramo Financeiro (Contraf-CUT). A Secretaria-Geral estar\u00e1 sob o comando do representante do ramo qu\u00edmico, Renato Zulato.<\/p>\n<p>Foram criadas quatro novas secretarias: Economia Solid\u00e1ria; LGBTQIA+, Transporte e Log\u00edstica e Aposentados, Pensionistas e Idosos.<\/p>\n<p>No encerramento, neste domingo (22), Sergio Nobre,\u00a0<a href=\"https:\/\/www.cut.org.br\/noticias\/sergio-nobre-e-reeleito-presidente-da-cut-nacional-4263\" target=\"_blank\" rel=\"noopener noreferrer\">reeleito presidente,<\/a>\u00a0voltou a agradecer os cerca de dois mil delegados e delegadas que compareceram ao 14\u00ba Concut, realizado de quinta a domingo, no Expo Center Norte, em S\u00e3o Paulo.<\/p>\n<p>\u201cQuero desejar um bom retorno a todas as delega\u00e7\u00f5es e, com certeza, a gente vai se encontrar esse ano que vem nas muitas lutas que vamos fazer nas ruas e vamos para Bras\u00edlia fazer a grande marcha que a gente aprovou aqui. Um grande abra\u00e7o, companheiros e companheiras. Venceremos!\u201d, disse o presidente reeleito da CUT.<\/p>\n<h3>Participa\u00e7\u00e3o dos banc\u00e1rios<\/h3>\n<p>Entre os eleitos, est\u00e3o sete banc\u00e1rios, al\u00e9m da presidenta da Contraf-CUT, Juvandia Moreira, eleita como vice-presidenta da CUT Nacional.<\/p>\n<p>\u201cComo nova gest\u00e3o, vamos enfrentar uma nova fase de luta, para a classe trabalhadora, que passa pela retomada de v\u00e1rios direitos que foram retirados, nos \u00faltimos anos, passa tamb\u00e9m pela organiza\u00e7\u00e3o de v\u00e1rios trabalhadores, para dentro do movimento sindical, como os trabalhadores de plataformas [entregadores e motoristas de aplicativos]. Somente esses dois, j\u00e1 s\u00e3o desafios grandes para pensar a organiza\u00e7\u00e3o da classe trabalhadora e fortalecer o movimento sindical\u201d, avaliou a banc\u00e1ria Rosalina Amorim, eleita secret\u00e1ria de Mobiliza\u00e7\u00e3o e Rela\u00e7\u00e3o com os Movimentos Sociais. \u201cAcredito que a contribui\u00e7\u00e3o que os banc\u00e1rios podem trazer \u00e0 essa gest\u00e3o \u00e9 compartilhar a nossa experi\u00eancia\u201d, completou, ao lembrar que os trabalhadores do ramo financeiro foram os primeiros a terem direito \u00e0 licen\u00e7a-paternidade ampliada e ao combate do ass\u00e9dio moral e ass\u00e9dio sexual clausulados na Conven\u00e7\u00e3o Coletiva de Trabalho (CCT) da categoria.<\/p>\n<p>Para o banc\u00e1rio Milton Rezende, eleito secret\u00e1rio adjunto de Mobiliza\u00e7\u00e3o e Rela\u00e7\u00e3o com os Movimentos Sociais, a elei\u00e7\u00e3o do terceiro mandato do presidente Lula abriu um novo ciclo de lutas \u00e0 classe trabalhadora no pa\u00eds. \u201cEssa volta de um governo progressista ao poder coloca novos desafios para n\u00f3s, al\u00e9m dos velhos. Os velhos s\u00e3o recuperar aquilo que foi retirado da classe trabalhadora, dos direitos da classe trabalhadora. E novos s\u00e3o aqueles temas que a gente tem que organizar, olhar o mundo do trabalho atual e organizar o movimento sindical, pensando esse mundo do trabalho que tem precarizado trabalhadores de aplicativos, trabalhadores PJ, trabalhadores informais. Enfim, n\u00f3s temos v\u00e1rias frentes para atuar\u201d, concluiu.<\/p>\n<p>Al\u00e9m de Rosalina e Milton, outras banc\u00e1rios e banc\u00e1rios foram eleitos, como Daniel Gaio, para a secretaria de Meio Ambiente; Ari Aloraldo do Nascimento, para a secretaria dos Aposentados, Pensionistas e Idosos; al\u00e9m de Marcelo Rodrigues da Silva (Marcelinho), Ant\u00f4nio Fermino e Neiva Ribeiro para a dire\u00e7\u00e3o executiva.<\/p>\n<p><strong>Fonte: Contraf-CUT<\/strong><\/p>\n","protected":false},"excerpt":{"rendered":"<p>No \u00faltimo s\u00e1bado (21), durante o 14\u00b0 Congresso Nacional da CUT (Concut), foi eleita a diretoria executiva da entidade que estar\u00e1 \u00e0 frente da entidade nos pr\u00f3ximos quatro anos (2023 a 2027). Para a presid\u00eancia foi reeleito o metal\u00fargico do ABC Sergio Nobre. A vice-presid\u00eancia ficar\u00e1 com a banc\u00e1ria Juvandia Moreira, tamb\u00e9m presidenta da Confedera\u00e7\u00e3o [&hellip;]<\/p>\n","protected":false},"author":2,"featured_media":14666,"comment_status":"","ping_status":"","sticky":false,"template":"","format":"standard","meta":{"footnotes":""},"categories":[3],"tags":[],"class_list":["post-14667","post","type-post","status-publish","format-standard","has-post-thumbnail","hentry","category-noticias"],"_links":{"self":[{"href":"https:\/\/hostnetart.com.br\/baixada\/wp-json\/wp\/v2\/posts\/14667","targetHints":{"allow":["GET"]}}],"collection":[{"href":"https:\/\/hostnetart.com.br\/baixada\/wp-json\/wp\/v2\/posts"}],"about":[{"href":"https:\/\/hostnetart.com.br\/baixada\/wp-json\/wp\/v2\/types\/post"}],"author":[{"embeddable":true,"href":"https:\/\/hostnetart.com.br\/baixada\/wp-json\/wp\/v2\/users\/2"}],"replies":[{"embeddable":true,"href":"https:\/\/hostnetart.com.br\/baixada\/wp-json\/wp\/v2\/comments?post=14667"}],"version-history":[{"count":0,"href":"https:\/\/hostnetart.com.br\/baixada\/wp-json\/wp\/v2\/posts\/14667\/revisions"}],"wp:featuredmedia":[{"embeddable":true,"href":"https:\/\/hostnetart.com.br\/baixada\/wp-json\/wp\/v2\/media\/14666"}],"wp:attachment":[{"href":"https:\/\/hostnetart.com.br\/baixada\/wp-json\/wp\/v2\/media?parent=14667"}],"wp:term":[{"taxonomy":"category","embeddable":true,"href":"https:\/\/hostnetart.com.br\/baixada\/wp-json\/wp\/v2\/categories?post=14667"},{"taxonomy":"post_tag","embeddable":true,"href":"https:\/\/hostnetart.com.br\/baixada\/wp-json\/wp\/v2\/tags?post=14667"}],"curies":[{"name":"wp","href":"https:\/\/api.w.org\/{rel}","templated":true}]}}