{"id":14665,"date":"2023-10-23T19:22:31","date_gmt":"2023-10-23T22:22:31","guid":{"rendered":"https:\/\/hostnetart.com.br\/baixada\/cut-encerra-14-congresso-com-aprovacao-de-novo-plano-de-lutas-para-2023-2027\/"},"modified":"2023-10-23T19:22:31","modified_gmt":"2023-10-23T22:22:31","slug":"cut-encerra-14-congresso-com-aprovacao-de-novo-plano-de-lutas-para-2023-2027","status":"publish","type":"post","link":"https:\/\/hostnetart.com.br\/baixada\/cut-encerra-14-congresso-com-aprovacao-de-novo-plano-de-lutas-para-2023-2027\/","title":{"rendered":"CUT encerra 14\u00ba Congresso com aprova\u00e7\u00e3o de novo Plano de Lutas para 2023-2027"},"content":{"rendered":"<p>A nova dire\u00e7\u00e3o da CUT Nacional, para o per\u00edodo 2023-2027, foi eleita e empossada nesse s\u00e1bado (21), durante o \u201c14\u00ba Congresso Nacional da CUT (Concut) \u2013 Luta, direitos e democracia que transformam vidas\u201d, realizado na capital de S\u00e3o Paulo.<\/p>\n<p>Foram aprovados o Plano de Lutas e resolu\u00e7\u00f5es (mo\u00e7\u00f5es) para a Central nos pr\u00f3ximos quatro anos. O Plano de Lutas inclui aprofundar o di\u00e1logo com a sociedade, a partir de campanhas educativas sobre a import\u00e2ncia social dos sindicatos na garantia de direitos do trabalhador, a luta por democracia e desenvolvimento sustent\u00e1vel, emprego digno, reforma agr\u00e1ria, seguran\u00e7a alimentar e economia solid\u00e1ria.<\/p>\n<p>Ao final dos votos sobre as mo\u00e7\u00f5es e o Plano de Lutas, o presidente reeleito da CUT, S\u00e9rgio Nobre, ao lado da rec\u00e9m-eleita vice-presidenta da entidade, Juvandia Moreira, agradeceu aos delegados e delegadas, que vieram de todos os estados do pa\u00eds, comentou sobre as dificuldades do movimento sindical nos \u00faltimos anos e tamb\u00e9m ressaltou a \u201cgarra dos companheiros que realizaram o congresso\u201d.<\/p>\n<p>\u201cUm grande desafio que a gente tem, da classe trabalhadora, \u00e9 o de reconstruir o Brasil, de pensar um pa\u00eds com direitos, de pensar um pa\u00eds com sindicatos fortes, um pa\u00eds com a democracia forte, um pa\u00eds com desenvolvimento econ\u00f4mico, sustent\u00e1vel, para o meio ambiente e tamb\u00e9m que promova a inclus\u00e3o social\u201d, explicou Juvandia Moreira, sobre os desafios do pr\u00f3ximo quadri\u00eanio. \u201cEsse desenvolvimento tem que contemplar as v\u00e1rias regi\u00f5es do pa\u00eds, contemplar os v\u00e1rios ramos\u201d, completou.<\/p>\n<p><strong>Fonte: Contraf-CUT<\/strong><\/p>\n","protected":false},"excerpt":{"rendered":"<p>A nova dire\u00e7\u00e3o da CUT Nacional, para o per\u00edodo 2023-2027, foi eleita e empossada nesse s\u00e1bado (21), durante o \u201c14\u00ba Congresso Nacional da CUT (Concut) \u2013 Luta, direitos e democracia que transformam vidas\u201d, realizado na capital de S\u00e3o Paulo. Foram aprovados o Plano de Lutas e resolu\u00e7\u00f5es (mo\u00e7\u00f5es) para a Central nos pr\u00f3ximos quatro anos. [&hellip;]<\/p>\n","protected":false},"author":2,"featured_media":14664,"comment_status":"","ping_status":"","sticky":false,"template":"","format":"standard","meta":{"footnotes":""},"categories":[3],"tags":[],"class_list":["post-14665","post","type-post","status-publish","format-standard","has-post-thumbnail","hentry","category-noticias"],"_links":{"self":[{"href":"https:\/\/hostnetart.com.br\/baixada\/wp-json\/wp\/v2\/posts\/14665","targetHints":{"allow":["GET"]}}],"collection":[{"href":"https:\/\/hostnetart.com.br\/baixada\/wp-json\/wp\/v2\/posts"}],"about":[{"href":"https:\/\/hostnetart.com.br\/baixada\/wp-json\/wp\/v2\/types\/post"}],"author":[{"embeddable":true,"href":"https:\/\/hostnetart.com.br\/baixada\/wp-json\/wp\/v2\/users\/2"}],"replies":[{"embeddable":true,"href":"https:\/\/hostnetart.com.br\/baixada\/wp-json\/wp\/v2\/comments?post=14665"}],"version-history":[{"count":0,"href":"https:\/\/hostnetart.com.br\/baixada\/wp-json\/wp\/v2\/posts\/14665\/revisions"}],"wp:featuredmedia":[{"embeddable":true,"href":"https:\/\/hostnetart.com.br\/baixada\/wp-json\/wp\/v2\/media\/14664"}],"wp:attachment":[{"href":"https:\/\/hostnetart.com.br\/baixada\/wp-json\/wp\/v2\/media?parent=14665"}],"wp:term":[{"taxonomy":"category","embeddable":true,"href":"https:\/\/hostnetart.com.br\/baixada\/wp-json\/wp\/v2\/categories?post=14665"},{"taxonomy":"post_tag","embeddable":true,"href":"https:\/\/hostnetart.com.br\/baixada\/wp-json\/wp\/v2\/tags?post=14665"}],"curies":[{"name":"wp","href":"https:\/\/api.w.org\/{rel}","templated":true}]}}