{"id":14663,"date":"2023-10-23T19:20:28","date_gmt":"2023-10-23T22:20:28","guid":{"rendered":"https:\/\/hostnetart.com.br\/baixada\/eleicoes-cut-sergio-nobre-e-reeleito-presidente-e-juvandia-moreira-eleita-vice-presidenta\/"},"modified":"2023-10-23T19:20:28","modified_gmt":"2023-10-23T22:20:28","slug":"eleicoes-cut-sergio-nobre-e-reeleito-presidente-e-juvandia-moreira-eleita-vice-presidenta","status":"publish","type":"post","link":"https:\/\/hostnetart.com.br\/baixada\/eleicoes-cut-sergio-nobre-e-reeleito-presidente-e-juvandia-moreira-eleita-vice-presidenta\/","title":{"rendered":"Elei\u00e7\u00f5es CUT: S\u00e9rgio Nobre \u00e9 reeleito presidente e Juvandia Moreira eleita vice-presidenta"},"content":{"rendered":"<p>No ano em que a CUT Nacional completa 40 anos, o metal\u00fargico do ABC, S\u00e9rgio Nobre, foi reeleito presidente da maior central sindical da Am\u00e9rica Latina e quinta do mundo, para o per\u00edodo 2023- 2027.<\/p>\n<p>O pleito, que resultou tamb\u00e9m na elei\u00e7\u00e3o da banc\u00e1ria Juvandia Moreira na vice-presid\u00eancia da entidade, ocorreu neste s\u00e1bado (21), durante o \u201c14\u00ba Congresso Nacional da CUT \u2013 Luta, direitos e democracia que transformam vidas\u201d, realizado na capital de S\u00e3o Paulo.<\/p>\n<p>S\u00e9rgio Nobre agradeceu a todas as lideran\u00e7as dos ramos, dos estados que ajudaram a eleger, em suas palavras, uma chapa de qualidade, combativa, que vai ter a tarefa de conduzir a Central nos pr\u00f3ximos quatro anos.<\/p>\n<p>\u201cMuito obrigado a todos e todas que nos ajudaram a construir a unidade. Essa unidade \u00e9 fundamental para a gente enfrentar essa conjuntura dif\u00edcil. Quero agradecer muito de cora\u00e7\u00e3o os companheiros e companheiras que est\u00e3o deixando mandato neste momento. Podem ter certeza que est\u00e3o deixando sua miss\u00e3o cumprida, contribu\u00edram muito na nossa trajet\u00f3ria at\u00e9 aqui\u201d.<\/p>\n<p>Em seu agradecimento Nobre lembrou que a trajet\u00f3ria da CUT nesses 40 anos \u00e9 um legado que tem de ter continuidade.<\/p>\n<p>\u201c\u00c9 uma grande responsabilidade para os novos que est\u00e3o entrando, mas \u201ctodos s\u00e3o muito tarimbados, qualificados para representar a nossa central nesse per\u00edodo. Quero dizer a todos voc\u00eas que n\u00f3s vamos buscar conquistar aquilo que n\u00f3s debatemos aqui, a mudan\u00e7a no nosso modelo sindical para proteger 100% da classe trabalhadora, de investir pesado nas brigadas digitais, investir pesado na cria\u00e7\u00e3o dos comit\u00eas de luta e tenho certeza que n\u00f3s em 2026 vamos ajudar muito a reeleger o nosso presidente Lula, pela quarta vez no nosso pa\u00eds, para que possamos seguir com democracia, com justi\u00e7a social e a classe trabalhadora no centro. E tenho certeza que no 15\u00ba Congresso Nacional da CUT essa dire\u00e7\u00e3o vai deixar um legado de luta, de vit\u00f3rias para a pr\u00f3xima gera\u00e7\u00e3o\u201d, finalizou.<\/p>\n<p>No evento, que termina no domingo (22), com a participa\u00e7\u00e3o de mais de dois mil delegados e delegadas de todo pa\u00eds e cerca de 200 convidados internacionais oriundos da Europa, \u00c1frica, \u00c1sia e as Am\u00e9ricas Latina e do Sul, tamb\u00e9m foi eleita uma nova diretoria da entidade para os pr\u00f3ximos quatro anos.<\/p>\n<p><em>Com informa\u00e7\u00f5es do <a href=\"https:\/\/www.cut.org.br\/noticias\/sergio-nobre-e-reeleito-presidente-da-cut-nacional-4263\" target=\"_blank\" rel=\"noopener noreferrer\">portal da CUT<\/a><\/em><\/p>\n","protected":false},"excerpt":{"rendered":"<p>No ano em que a CUT Nacional completa 40 anos, o metal\u00fargico do ABC, S\u00e9rgio Nobre, foi reeleito presidente da maior central sindical da Am\u00e9rica Latina e quinta do mundo, para o per\u00edodo 2023- 2027. O pleito, que resultou tamb\u00e9m na elei\u00e7\u00e3o da banc\u00e1ria Juvandia Moreira na vice-presid\u00eancia da entidade, ocorreu neste s\u00e1bado (21), durante [&hellip;]<\/p>\n","protected":false},"author":2,"featured_media":14662,"comment_status":"","ping_status":"","sticky":false,"template":"","format":"standard","meta":{"footnotes":""},"categories":[3],"tags":[],"class_list":["post-14663","post","type-post","status-publish","format-standard","has-post-thumbnail","hentry","category-noticias"],"_links":{"self":[{"href":"https:\/\/hostnetart.com.br\/baixada\/wp-json\/wp\/v2\/posts\/14663","targetHints":{"allow":["GET"]}}],"collection":[{"href":"https:\/\/hostnetart.com.br\/baixada\/wp-json\/wp\/v2\/posts"}],"about":[{"href":"https:\/\/hostnetart.com.br\/baixada\/wp-json\/wp\/v2\/types\/post"}],"author":[{"embeddable":true,"href":"https:\/\/hostnetart.com.br\/baixada\/wp-json\/wp\/v2\/users\/2"}],"replies":[{"embeddable":true,"href":"https:\/\/hostnetart.com.br\/baixada\/wp-json\/wp\/v2\/comments?post=14663"}],"version-history":[{"count":0,"href":"https:\/\/hostnetart.com.br\/baixada\/wp-json\/wp\/v2\/posts\/14663\/revisions"}],"wp:featuredmedia":[{"embeddable":true,"href":"https:\/\/hostnetart.com.br\/baixada\/wp-json\/wp\/v2\/media\/14662"}],"wp:attachment":[{"href":"https:\/\/hostnetart.com.br\/baixada\/wp-json\/wp\/v2\/media?parent=14663"}],"wp:term":[{"taxonomy":"category","embeddable":true,"href":"https:\/\/hostnetart.com.br\/baixada\/wp-json\/wp\/v2\/categories?post=14663"},{"taxonomy":"post_tag","embeddable":true,"href":"https:\/\/hostnetart.com.br\/baixada\/wp-json\/wp\/v2\/tags?post=14663"}],"curies":[{"name":"wp","href":"https:\/\/api.w.org\/{rel}","templated":true}]}}