{"id":14659,"date":"2023-10-20T17:08:20","date_gmt":"2023-10-20T20:08:20","guid":{"rendered":"https:\/\/hostnetart.com.br\/baixada\/fetraf-rj-es-realiza-plenaria-sobre-o-saude-caixa\/"},"modified":"2023-10-20T17:08:20","modified_gmt":"2023-10-20T20:08:20","slug":"fetraf-rj-es-realiza-plenaria-sobre-o-saude-caixa","status":"publish","type":"post","link":"https:\/\/hostnetart.com.br\/baixada\/fetraf-rj-es-realiza-plenaria-sobre-o-saude-caixa\/","title":{"rendered":"Fetraf RJ\/ES realiza plen\u00e1ria sobre o Sa\u00fade Caixa"},"content":{"rendered":"<p>Nesta segunda-feira, 23 de outubro, a Federa\u00e7\u00e3o dos Trabalhadores do Ramo Financeiro dos Estados do Rio de Janeiro e Esp\u00edrito Santo (Fetraf RJ\/ES) realiza uma reuni\u00e3o sobre o Sa\u00fade Caixa, a partir das 19 horas, que contar\u00e1 com a participa\u00e7\u00e3o da Coordenadora da Comiss\u00e3o Executiva dos Empregados (CEE) e do Grupo de Trabalho que discute solu\u00e7\u00f5es para o plano de sa\u00fade, Fabiana Uehara.<\/p>\n<p>Lizandre Borges, Diretora de Sa\u00fade e Representante da Fetraf RJ\/ES na CEE da Caixa, tamb\u00e9m estar\u00e1 mediando a reuni\u00e3o.<\/p>\n<p>Poder\u00e3o participar: empregados e empregadas ativas da Caixa; aposentados e aposentadas.<\/p>\n<p>A plen\u00e1ria acontece atrav\u00e9s da plataforma Google Meet e os interessados devem acessar o link:\u00a0<a href=\"https:\/\/meet.google.com\/nqt-jfwo-fop\">https:\/\/meet.google.com\/nqt-jfwo-fop<\/a><\/p>\n<p><strong>Fonte: Fetraf RJ\/ES<\/strong><\/p>\n","protected":false},"excerpt":{"rendered":"<p>Nesta segunda-feira, 23 de outubro, a Federa\u00e7\u00e3o dos Trabalhadores do Ramo Financeiro dos Estados do Rio de Janeiro e Esp\u00edrito Santo (Fetraf RJ\/ES) realiza uma reuni\u00e3o sobre o Sa\u00fade Caixa, a partir das 19 horas, que contar\u00e1 com a participa\u00e7\u00e3o da Coordenadora da Comiss\u00e3o Executiva dos Empregados (CEE) e do Grupo de Trabalho que discute [&hellip;]<\/p>\n","protected":false},"author":2,"featured_media":14658,"comment_status":"","ping_status":"","sticky":false,"template":"","format":"standard","meta":{"footnotes":""},"categories":[3],"tags":[],"class_list":["post-14659","post","type-post","status-publish","format-standard","has-post-thumbnail","hentry","category-noticias"],"_links":{"self":[{"href":"https:\/\/hostnetart.com.br\/baixada\/wp-json\/wp\/v2\/posts\/14659","targetHints":{"allow":["GET"]}}],"collection":[{"href":"https:\/\/hostnetart.com.br\/baixada\/wp-json\/wp\/v2\/posts"}],"about":[{"href":"https:\/\/hostnetart.com.br\/baixada\/wp-json\/wp\/v2\/types\/post"}],"author":[{"embeddable":true,"href":"https:\/\/hostnetart.com.br\/baixada\/wp-json\/wp\/v2\/users\/2"}],"replies":[{"embeddable":true,"href":"https:\/\/hostnetart.com.br\/baixada\/wp-json\/wp\/v2\/comments?post=14659"}],"version-history":[{"count":0,"href":"https:\/\/hostnetart.com.br\/baixada\/wp-json\/wp\/v2\/posts\/14659\/revisions"}],"wp:featuredmedia":[{"embeddable":true,"href":"https:\/\/hostnetart.com.br\/baixada\/wp-json\/wp\/v2\/media\/14658"}],"wp:attachment":[{"href":"https:\/\/hostnetart.com.br\/baixada\/wp-json\/wp\/v2\/media?parent=14659"}],"wp:term":[{"taxonomy":"category","embeddable":true,"href":"https:\/\/hostnetart.com.br\/baixada\/wp-json\/wp\/v2\/categories?post=14659"},{"taxonomy":"post_tag","embeddable":true,"href":"https:\/\/hostnetart.com.br\/baixada\/wp-json\/wp\/v2\/tags?post=14659"}],"curies":[{"name":"wp","href":"https:\/\/api.w.org\/{rel}","templated":true}]}}