{"id":14655,"date":"2023-10-20T17:04:36","date_gmt":"2023-10-20T20:04:36","guid":{"rendered":"https:\/\/hostnetart.com.br\/baixada\/aumento-de-jovens-atuando-no-movimento-sindical-requer-dialogo-e-formacao\/"},"modified":"2023-10-20T17:04:36","modified_gmt":"2023-10-20T20:04:36","slug":"aumento-de-jovens-atuando-no-movimento-sindical-requer-dialogo-e-formacao","status":"publish","type":"post","link":"https:\/\/hostnetart.com.br\/baixada\/aumento-de-jovens-atuando-no-movimento-sindical-requer-dialogo-e-formacao\/","title":{"rendered":"Aumento de jovens atuando no movimento sindical requer di\u00e1logo e forma\u00e7\u00e3o"},"content":{"rendered":"<p>Aumentar a participa\u00e7\u00e3o de jovens, n\u00e3o apenas para oxigenar, mas tamb\u00e9m para garantir a longevidade no processo de luta e conquistas \u00e0 classe trabalhadora \u00e9 um dos principais desafios do movimento sindical. O tema foi debatido na tarde desta quinta-feira (19), durante a Plen\u00e1ria Nacional da Juventude da CUT, realizada no \u00e2mbito do 14\u00ba Congresso Nacional da CUT (CONCUT), que vai at\u00e9 domingo (22) no Expo Center Norte, na capital de S\u00e3o Paulo.<\/p>\n<p>\u201cSe estamos no movimento sindical \u00e9 para construir uma sociedade justa, porque lutamos por direitos e a participa\u00e7\u00e3o da energia e garra da juventude s\u00e3o componentes essenciais para isso\u201d, destacou o deputado federal Carlos Veras (PT-PE), convidado para a mesa da plen\u00e1ria.<\/p>\n<div class=\"wp-block-image\">\n<figure class=\"aligncenter\"><a href=\"https:\/\/assets.cut.org.br\/system\/uploads\/ck\/MESA%20JUVENTUDE.jpeg\" target=\"_blank\" rel=\"noopener noreferrer\"><img decoding=\"async\" src=\"https:\/\/www.cut.org.br\/images\/cache\/systemuploadsckmesa20juventudejpeg-620x413xfit-60c04.jpeg\" alt=\"Roberto Parizotti\" \/><\/a><figcaption>Fotografia de<br \/>ROBERTO PARIZOTTI<\/figcaption><\/figure>\n<\/div>\n<p>Ele, que atuou na \u201cjuventude Cutista\u201d, apontou ainda como um novo e importante desafio a inclus\u00e3o no movimento sindical dos trabalhadores das plataformas de aplicativos, um grupo formado por muitos jovens. \u201cAtualmente, quase metade da popula\u00e7\u00e3o em idade ativa est\u00e1 hoje no mercado informal\u201d, complementou.<\/p>\n<p>\u201cAtrair a juventude para lutas nossas, e que tamb\u00e9m s\u00e3o dos jovens, \u00e9 uma prioridade, sobretudo no atual momento pol\u00edtico que estamos, de reconstru\u00e7\u00e3o do Brasil\u201d, observou a presidenta da Confedera\u00e7\u00e3o Nacional dos Trabalhadores do Ramo Financeiro (Contraf-CUT), Juvandia Moreira, que tamb\u00e9m \u00e9 vice- presidenta da CUT Nacional. \u201cEsse encontro, que realizamos hoje, \u00e9 importante para pensar em como fortalecer, estimular e ampliar a participa\u00e7\u00e3o dos jovens\u201d, pontuou.<\/p>\n<p>No per\u00edodo mais recente, entre 2019 e 2022, o ent\u00e3o governo de Jair Bolsonaro (PL) \u00a0cortou 93% do or\u00e7amento da Secretaria de Juventude, al\u00e9m de acabar com pol\u00edticas p\u00fablicas para esse grupo, estabelecidas nos governos anteriores, de Lula (PT) e Dilma Rousseff (PT), quando, historicamente, ocorreram os maiores investimentos em oportunidades e garantias de direitos aos jovens (amplia\u00e7\u00e3o no acesso ao mercado de trabalho, ao cr\u00e9dito, \u00e0 renda, \u00e0 terra, aos esportes, lazer e cultura).<\/p>\n<p>Em julho deste ano, o governo Lula, em seu terceiro mandato, recriou o Comit\u00ea Interministerial da Pol\u00edtica P\u00fablica de Juventude (COIJUVE), \u00f3rg\u00e3o que faz a gest\u00e3o e o monitoramento das pol\u00edticas p\u00fablicas destinadas \u00e0 juventude.<\/p>\n<p>O secret\u00e1rio de Administra\u00e7\u00e3o e Finan\u00e7as da CUT Nacional, Ariovaldo de Camargo, destacou que o desafio de trazer mais jovens para o movimento sindical requer o dom\u00ednio das novas formas de dialogar, sem deixar de aprender com a hist\u00f3ria de quem ajudou a construir a CUT de hoje.<\/p>\n<p>Ele trouxe como exemplo a hist\u00f3ria de vida do presidente Lula, que ainda muito pequeno saiu do interior de Pernambuco para S\u00e3o Paulo \u2013 movimento que a sua fam\u00edlia, liderada pela m\u00e3e Dona Lindu, fez \u00e0 procura de uma vida melhor.<\/p>\n<p>\u00a0\u201cPelas condi\u00e7\u00f5es em que veio para o Sudeste, j\u00e1 foi uma vit\u00f3ria Lula n\u00e3o ter morrido no caminho. Depois de muitas lutas, no movimento sindical, chegou \u00e0 presid\u00eancia do pa\u00eds por tr\u00eas vezes\u201d, relembrou. \u201cO presidente Lula obteve sua forma\u00e7\u00e3o pol\u00edtica no meio sindical e, \u00e9 importante destacar isso, porque n\u00f3s podemos ter entre a nossa juventude um futuro presidente do Brasil\u201d, concluiu.\u00a0<\/p>\n<p>O papel da forma\u00e7\u00e3o foi destaque na plen\u00e1ria como solu\u00e7\u00e3o para aumentar a entrada de jovens no movimento sindical. \u201cMuitas vezes as pessoas [jovens] chegam no movimento sindical por uma luta individual, uma dificuldade do seu local de trabalho, da sua comunidade, e acaba compreendendo que \u00e9 um problema de luta de classe\u201d, explicou a secret\u00e1ria de Forma\u00e7\u00e3o da CUT Nacional, Rosane Bertotti.<\/p>\n<p>Fl\u00e1via Silva, coordenadora de projetos da DGB Bildungswerk, instituto de forma\u00e7\u00e3o e coopera\u00e7\u00e3o internacional da DGB, a Central Sindical Alem\u00e3, refor\u00e7ou a import\u00e2ncia da forma\u00e7\u00e3o para trazer jovens ao movimento sindical.<\/p>\n<p>\u201cO tema da juventude \u00e9 muito recorrente na DGB, o que nos levou a criar um congresso, realizado todos os anos, de onde tiramos as pautas priorit\u00e1rias de luta \u00e0 classe trabalhadora jovem\u201d, contou.<\/p>\n<p>A secret\u00e1ria da Juventude da Contraf-CUT, Bianca Garbelini, que acompanhou como expectadora toda a plen\u00e1ria avaliou o encontro como \u201cmuito importante para o futuro do sindicalismo cutista\u201d. \u201cSomos n\u00f3s, jovens, que construiremos a CUT dos pr\u00f3ximos 40 anos, valorizando a hist\u00f3ria de quem veio antes, mas principalmente pensando um modelo de sindicalismo que efetivamente represente os trabalhadores brasileiros em todas as suas formas e diversidade\u201d, concluiu.<\/p>\n<p><strong>Fonte: Contraf-CUT<\/strong><\/p>\n","protected":false},"excerpt":{"rendered":"<p>Aumentar a participa\u00e7\u00e3o de jovens, n\u00e3o apenas para oxigenar, mas tamb\u00e9m para garantir a longevidade no processo de luta e conquistas \u00e0 classe trabalhadora \u00e9 um dos principais desafios do movimento sindical. O tema foi debatido na tarde desta quinta-feira (19), durante a Plen\u00e1ria Nacional da Juventude da CUT, realizada no \u00e2mbito do 14\u00ba Congresso [&hellip;]<\/p>\n","protected":false},"author":2,"featured_media":14654,"comment_status":"","ping_status":"","sticky":false,"template":"","format":"standard","meta":{"footnotes":""},"categories":[3],"tags":[],"class_list":["post-14655","post","type-post","status-publish","format-standard","has-post-thumbnail","hentry","category-noticias"],"_links":{"self":[{"href":"https:\/\/hostnetart.com.br\/baixada\/wp-json\/wp\/v2\/posts\/14655","targetHints":{"allow":["GET"]}}],"collection":[{"href":"https:\/\/hostnetart.com.br\/baixada\/wp-json\/wp\/v2\/posts"}],"about":[{"href":"https:\/\/hostnetart.com.br\/baixada\/wp-json\/wp\/v2\/types\/post"}],"author":[{"embeddable":true,"href":"https:\/\/hostnetart.com.br\/baixada\/wp-json\/wp\/v2\/users\/2"}],"replies":[{"embeddable":true,"href":"https:\/\/hostnetart.com.br\/baixada\/wp-json\/wp\/v2\/comments?post=14655"}],"version-history":[{"count":0,"href":"https:\/\/hostnetart.com.br\/baixada\/wp-json\/wp\/v2\/posts\/14655\/revisions"}],"wp:featuredmedia":[{"embeddable":true,"href":"https:\/\/hostnetart.com.br\/baixada\/wp-json\/wp\/v2\/media\/14654"}],"wp:attachment":[{"href":"https:\/\/hostnetart.com.br\/baixada\/wp-json\/wp\/v2\/media?parent=14655"}],"wp:term":[{"taxonomy":"category","embeddable":true,"href":"https:\/\/hostnetart.com.br\/baixada\/wp-json\/wp\/v2\/categories?post=14655"},{"taxonomy":"post_tag","embeddable":true,"href":"https:\/\/hostnetart.com.br\/baixada\/wp-json\/wp\/v2\/tags?post=14655"}],"curies":[{"name":"wp","href":"https:\/\/api.w.org\/{rel}","templated":true}]}}