{"id":14653,"date":"2023-10-20T17:02:26","date_gmt":"2023-10-20T20:02:26","guid":{"rendered":"https:\/\/hostnetart.com.br\/baixada\/bancarios-criam-instrumento-de-vigilancia-e-atencao-a-saude-da-categoria\/"},"modified":"2023-10-20T17:02:26","modified_gmt":"2023-10-20T20:02:26","slug":"bancarios-criam-instrumento-de-vigilancia-e-atencao-a-saude-da-categoria","status":"publish","type":"post","link":"https:\/\/hostnetart.com.br\/baixada\/bancarios-criam-instrumento-de-vigilancia-e-atencao-a-saude-da-categoria\/","title":{"rendered":"Banc\u00e1rios criam instrumento de vigil\u00e2ncia e aten\u00e7\u00e3o \u00e0 sa\u00fade da categoria"},"content":{"rendered":"<p>O quarto m\u00f3dulo do Curso de Vigil\u00e2ncia e Aten\u00e7\u00e3o \u00e0 Sa\u00fade do Trabalhador, promovido pela Confedera\u00e7\u00e3o Nacional dos Trabalhadores do Ramo Financeiro (Contraf-CUT), ocorrido presencialmente nesta quarta (18) e quinta-feira (19), em S\u00e3o Paulo, encerrou um ciclo de forma\u00e7\u00e3o sobre o tema.<\/p>\n<p>\u201cTrata-se de um processo de forma\u00e7\u00e3o, iniciado em junho, que contou com a contribui\u00e7\u00e3o de especialistas que nos ajudaram a entender e aprofundar o debate sobre o tema, e com a participa\u00e7\u00e3o dos pr\u00f3prios dirigentes que estavam se formando e formando suas companheiras e companheiros de turma na medida em que constru\u00edam coletivamente as propostas de a\u00e7\u00e3o para solucionar os problemas que afetam as condi\u00e7\u00f5es de trabalho e a sa\u00fade da categoria\u201d, explicou o secret\u00e1rio de Forma\u00e7\u00e3o da Contraf-CUT, Rafael Zanon.<\/p>\n<p>\u201cPrecisamos investir na preven\u00e7\u00e3o e cobrar dos bancos medidas para conter esta situa\u00e7\u00e3o e exigir que cumpram as normas vigentes\u201d, disse o secret\u00e1rio de Sa\u00fade da Contraf-CUT, Mauro Salles, ao alertar que a vigil\u00e2ncia das condi\u00e7\u00f5es de trabalho e adoecimento nos bancos tem tido maior relev\u00e2ncia devido \u00e0 alta incid\u00eancia de adoecimento na categoria. \u201cCom certeza, os dirigentes que participaram est\u00e3o ainda mais capacitados para a a\u00e7\u00e3o sindical, uma vez que, al\u00e9m das quest\u00f5es te\u00f3ricas, nosso curso construiu, coletivamente, propostas de a\u00e7\u00e3o concreta nos ambientes de trabalho, todas balizadas nos conceitos de que sa\u00fade n\u00e3o se vende e de n\u00e3o delegar a luta por sa\u00fade apenas aos governos e patr\u00f5es, mas sim de colocar os trabalhadores como protagonistas dos cuidados com sua pr\u00f3pria sa\u00fade, sem, \u00e9 claro, tirar a responsabilidade dos bancos e dos governos\u201d, completou.<\/p>\n<h3><strong>Para al\u00e9m da medicina do trabalho<\/strong><\/h3>\n<p>O mestre em Ci\u00eancias Sociais pela PUC-RS e doutor em Pol\u00edticas P\u00fablicas pela UFRGS, Vin\u00edcius Rauber, fez um apanhado hist\u00f3rico sobre vigil\u00e2ncia da sa\u00fade do trabalhador para contribuir com as reflex\u00f5es da manh\u00e3 de quarta-feira. \u201cA vigil\u00e2ncia da sa\u00fade do trabalhador rompe com a abordagem que vincula a doen\u00e7a a um agente espec\u00edfico ou a um grupo de agentes existentes no ambiente de trabalho e elege, como eixo de organiza\u00e7\u00e3o das a\u00e7\u00f5es, os determinantes e os condicionantes do processo sa\u00fade-doen\u00e7a no enfoque da promo\u00e7\u00e3o, e n\u00e3o apenas os riscos e os agravos, o que confere \u00e0 sa\u00fade do trabalhador a natureza interdisciplinar\u201d, disse Vin\u00edcius, ao explicar que a sa\u00fade do trabalhador vai al\u00e9m das pr\u00e1ticas e dos prop\u00f3sitos da medicina do trabalho (especialidade m\u00e9dica) e da sa\u00fade ocupacional (foco nos ambientes de trabalho).<\/p>\n<h3><strong>Acolhimento<\/strong><\/h3>\n<p>A reflex\u00e3o continuou na parte da tarde com as contribui\u00e7\u00f5es da educadora f\u00edsica, especialista em Sa\u00fade e Trabalho pela UFRGS e mestre em Servi\u00e7o Social pela PUC-RS, Jac\u00e9ia Netz, que abordou t\u00e9cnicas de an\u00e1lise de riscos e de entrevistas com trabalhadores, constru\u00e7\u00e3o de roteiro de inspe\u00e7\u00e3o, checklist, protocolos, question\u00e1rios e roteiro de entrevistas, al\u00e9m da prepara\u00e7\u00e3o das equipes e estabelecimento de estrat\u00e9gias para o acolhimento dos trabalhadores e das den\u00fancias, ou informa\u00e7\u00f5es que eles t\u00eam a passar sobre seu ambiente de trabalho e sua sa\u00fade.<\/p>\n<p>\u201c\u00c9 importante construirmos coletivamente um processo de forma\u00e7\u00e3o para a a\u00e7\u00e3o, com vigil\u00e2ncia permanente dos ambientes de trabalho banc\u00e1rio, para que possamos fiscalizar o cumprimento das normas legais pelos bancos e efetivamente prevenir o adoecimento da categoria\u201d, afirmou Jac\u00e9ia Netz.<\/p>\n<p>Os participantes foram divididos em grupos para, a partir da proposta base de cheklist em vigil\u00e2ncia em sa\u00fade, elaborarem coletivamente uma proposta a ser aplicada nos estados dos participantes do curso. Na sequ\u00eancia, os grupos se reuniram para compartilhar os apontamentos dos grupos.<\/p>\n<h3><strong>Forma\u00e7\u00e3o para a a\u00e7\u00e3o<\/strong><\/h3>\n<p>Na manh\u00e3 de quinta-feira os participantes receberam as instru\u00e7\u00f5es para a avalia\u00e7\u00e3o da proposta de orienta\u00e7\u00e3o e acolhimento aos banc\u00e1rios a ser aplicado nas ag\u00eancias e foram divididos em grupos para analisarem a proposta final e apontarem poss\u00edveis mudan\u00e7as. \u201cNossa ideia \u00e9 construir um instrumento que seja efetivo no mapeamento do ambiente de trabalho e das doen\u00e7as que acometem a categoria, para que possamos apresentar aos gestores e aos bancos, para reduzir o adoecimento e melhorar as condi\u00e7\u00f5es de trabalho\u201d, explicou o secret\u00e1rio de Sa\u00fade da Contraf-CUT.<\/p>\n<p>As propostas foram partilhadas em uma plen\u00e1ria final e ser\u00e3o incorporadas \u00e0 proposta que ser\u00e1 enviada posteriormente \u00e0s entidades pela Secret\u00e1ria-Geral da Contraf-CUT.<\/p>\n<h3><strong>Forma\u00e7\u00e3o permanente<\/strong><\/h3>\n<p>Este quarto m\u00f3dulo seria a \u00faltima etapa da forma\u00e7\u00e3o sobre vigil\u00e2ncia e aten\u00e7\u00e3o \u00e0 sa\u00fade do trabalhador, mas os participantes, juntamente com os respons\u00e1veis pelas secretarias de Sa\u00fade e Forma\u00e7\u00e3o da Contraf-CUT, decidiram manter o processo de forma\u00e7\u00e3o em aberto, com uma nova etapa para avalia\u00e7\u00e3o da ferramenta e sua aplica\u00e7\u00e3o nas ag\u00eancias, com a devida adequa\u00e7\u00e3o e melhoria.<\/p>\n<p>\u201cEste \u00e9 um processo que ser\u00e1 constante. A todo momento teremos que avaliar e readequar a ferramenta, para aplica\u00e7\u00e3o e solu\u00e7\u00e3o dos problemas enfrentados pela categoria no que diz respeito \u00e0 sa\u00fade e condi\u00e7\u00f5es de trabalho\u201d, concluiu o secret\u00e1rio de Forma\u00e7\u00e3o da Contraf-CUT.<\/p>\n<p><strong>Fonte: Contraf-CUT<\/strong><\/p>\n","protected":false},"excerpt":{"rendered":"<p>O quarto m\u00f3dulo do Curso de Vigil\u00e2ncia e Aten\u00e7\u00e3o \u00e0 Sa\u00fade do Trabalhador, promovido pela Confedera\u00e7\u00e3o Nacional dos Trabalhadores do Ramo Financeiro (Contraf-CUT), ocorrido presencialmente nesta quarta (18) e quinta-feira (19), em S\u00e3o Paulo, encerrou um ciclo de forma\u00e7\u00e3o sobre o tema. \u201cTrata-se de um processo de forma\u00e7\u00e3o, iniciado em junho, que contou com a [&hellip;]<\/p>\n","protected":false},"author":2,"featured_media":14652,"comment_status":"","ping_status":"","sticky":false,"template":"","format":"standard","meta":{"footnotes":""},"categories":[3],"tags":[],"class_list":["post-14653","post","type-post","status-publish","format-standard","has-post-thumbnail","hentry","category-noticias"],"_links":{"self":[{"href":"https:\/\/hostnetart.com.br\/baixada\/wp-json\/wp\/v2\/posts\/14653","targetHints":{"allow":["GET"]}}],"collection":[{"href":"https:\/\/hostnetart.com.br\/baixada\/wp-json\/wp\/v2\/posts"}],"about":[{"href":"https:\/\/hostnetart.com.br\/baixada\/wp-json\/wp\/v2\/types\/post"}],"author":[{"embeddable":true,"href":"https:\/\/hostnetart.com.br\/baixada\/wp-json\/wp\/v2\/users\/2"}],"replies":[{"embeddable":true,"href":"https:\/\/hostnetart.com.br\/baixada\/wp-json\/wp\/v2\/comments?post=14653"}],"version-history":[{"count":0,"href":"https:\/\/hostnetart.com.br\/baixada\/wp-json\/wp\/v2\/posts\/14653\/revisions"}],"wp:featuredmedia":[{"embeddable":true,"href":"https:\/\/hostnetart.com.br\/baixada\/wp-json\/wp\/v2\/media\/14652"}],"wp:attachment":[{"href":"https:\/\/hostnetart.com.br\/baixada\/wp-json\/wp\/v2\/media?parent=14653"}],"wp:term":[{"taxonomy":"category","embeddable":true,"href":"https:\/\/hostnetart.com.br\/baixada\/wp-json\/wp\/v2\/categories?post=14653"},{"taxonomy":"post_tag","embeddable":true,"href":"https:\/\/hostnetart.com.br\/baixada\/wp-json\/wp\/v2\/tags?post=14653"}],"curies":[{"name":"wp","href":"https:\/\/api.w.org\/{rel}","templated":true}]}}