{"id":14651,"date":"2023-10-20T16:57:30","date_gmt":"2023-10-20T19:57:30","guid":{"rendered":"https:\/\/hostnetart.com.br\/baixada\/bndes-descumpre-convencao-coletiva-dos-bancarios\/"},"modified":"2023-10-20T16:57:30","modified_gmt":"2023-10-20T19:57:30","slug":"bndes-descumpre-convencao-coletiva-dos-bancarios","status":"publish","type":"post","link":"https:\/\/hostnetart.com.br\/baixada\/bndes-descumpre-convencao-coletiva-dos-bancarios\/","title":{"rendered":"BNDES descumpre Conven\u00e7\u00e3o Coletiva dos banc\u00e1rios"},"content":{"rendered":"<p>A Confedera\u00e7\u00e3o Nacional dos Trabalhadores do Ramo Financeiro (Contraf-CUT), sindicatos e associa\u00e7\u00f5es que representam os funcion\u00e1rios do Sistema BNDES \u2013 que al\u00e9m do banco inclui as subsidi\u00e1rias BNDESPAR e Finame \u2013 exigem o imediato cumprimento da Conven\u00e7\u00e3o Coletiva de Trabalho (CCT) da categoria banc\u00e1ria, assinada em 2022, por parte da entidade estatal.<\/p>\n<p>At\u00e9 o momento, o Banco Nacional de Desenvolvimento Econ\u00f4mico e Social (BNDES) n\u00e3o reajustou os sal\u00e1rios de seus funcion\u00e1rios, o que j\u00e1 ocorreu com toda a categoria, desde que foi encerrada a negocia\u00e7\u00e3o com os bancos na Campanha Salarial de 2022, no segundo semestre do ano passado.\u00a0<a href=\"https:\/\/contrafcut.com.br\/noticias\/bancarios-arrancam-proposta-com-conquistas\/\" target=\"_blank\" rel=\"noopener noreferrer\">Conhe\u00e7a aqui detalhes da CCT da categoria<\/a>.<\/p>\n<p>A dire\u00e7\u00e3o do BNDES se justifica afirmando que, para aplicar o reajuste, tem que esperar a conclus\u00e3o do grupo de trabalho (GT) formado para defini\u00e7\u00f5es espec\u00edficas do plano de sa\u00fade, oferecido a funcion\u00e1rios, aposentados e seus dependentes. O GT foi definido no par\u00e1grafo 4\u00ba da cl\u00e1usula 32 do Acordo Coletivo de Trabalho (ACT), assinado no ano passado.<\/p>\n<h3><strong>Direito leg\u00edtimo<\/strong><\/h3>\n<p>O vice-presidente da Contraf-CUT, Vin\u00edcius Assump\u00e7\u00e3o, que participa das negocia\u00e7\u00f5es com o BNDES, afirma que o argumento n\u00e3o procede. \u201cFicou claro inclusive na ata do\u00a0<a href=\"https:\/\/contrafcut.com.br\/noticias\/funcionarios-decidem-acordo-com-bndes-em-assembleia-nesta-segunda-12\/\" target=\"_blank\" rel=\"noopener noreferrer\">Tribunal Superior do Trabalho (TST), que mediou a reuni\u00e3o de concilia\u00e7\u00e3o entre banco e funcion\u00e1rios<\/a>, no final de 2022, que n\u00e3o h\u00e1 esse condicionamento ao GT, que s\u00f3 trata do plano de sa\u00fade\u201d, afirmou o dirigente. \u201cA atual dire\u00e7\u00e3o, liderada por Alo\u00edzio Mercadante e indicada pelo atual governo, democr\u00e1tico e com apoio popular, est\u00e1 cerceando o leg\u00edtimo direito do funcionalismo do BNDES de obter o reajuste negociado na CCT, que toda a categoria banc\u00e1ria j\u00e1 est\u00e1 usufruindo\u201d, completou.<\/p>\n<p>O BNDES tem, sistematicamente, colocado dificuldades na negocia\u00e7\u00e3o do reajuste com o funcionalismo. \u201cO governo Bolsonaro atacou constantemente os trabalhadores, mas com uma resist\u00eancia firme e organizada, o movimento sindical conseguiu garantir todos os direitos aos funcion\u00e1rios, mesmo naquele per\u00edodo sombrio\u201d, lembrou Vin\u00edcius. \u201cAgora, para nossa surpresa, a atual dire\u00e7\u00e3o, indicada pelo governo Lula, vem na contram\u00e3o do que est\u00e1 ocorrendo em todas as outras estatais federais\u201d, criticou.<\/p>\n<h3><strong>Mobiliza\u00e7\u00e3o<\/strong><\/h3>\n<p>As entidades sindicais e associa\u00e7\u00f5es que representam os funcion\u00e1rios do Sistema BNDES avaliam que o prazo para o posicionamento do banco esgotou. \u201cOu a dire\u00e7\u00e3o do BNDES muda de postura e cumpre sua obriga\u00e7\u00e3o de honrar a CCT da categoria, ou n\u00e3o haver\u00e1 alternativa que n\u00e3o seja a mobiliza\u00e7\u00e3o dos trabalhadores da entidade\u201d, advertiu Vin\u00edcius.<\/p>\n<p>Ele lembra que o processo negocial j\u00e1 se estende h\u00e1 muito tempo, e o banco insiste nesse posicionamento de descumprir a CCT. \u201cEssa postura do BNDES \u00e9 um desrespeito a toda categoria banc\u00e1ria, que teve um grande processo de negocia\u00e7\u00e3o com o conjunto dos bancos do pa\u00eds. Cobramos na \u00faltima reuni\u00e3o com a dire\u00e7\u00e3o da entidade um posicionamento definitivo, mas se continuarmos sem nenhuma resposta, vamos buscar os direitos dos trabalhadores na mobiliza\u00e7\u00e3o, com todas as nossas for\u00e7as\u201d, garantiu.<\/p>\n<p><strong>Fonte: Contraf-CUT<\/strong><\/p>\n","protected":false},"excerpt":{"rendered":"<p>A Confedera\u00e7\u00e3o Nacional dos Trabalhadores do Ramo Financeiro (Contraf-CUT), sindicatos e associa\u00e7\u00f5es que representam os funcion\u00e1rios do Sistema BNDES \u2013 que al\u00e9m do banco inclui as subsidi\u00e1rias BNDESPAR e Finame \u2013 exigem o imediato cumprimento da Conven\u00e7\u00e3o Coletiva de Trabalho (CCT) da categoria banc\u00e1ria, assinada em 2022, por parte da entidade estatal. At\u00e9 o momento, [&hellip;]<\/p>\n","protected":false},"author":2,"featured_media":14650,"comment_status":"","ping_status":"","sticky":false,"template":"","format":"standard","meta":{"footnotes":""},"categories":[3],"tags":[],"class_list":["post-14651","post","type-post","status-publish","format-standard","has-post-thumbnail","hentry","category-noticias"],"_links":{"self":[{"href":"https:\/\/hostnetart.com.br\/baixada\/wp-json\/wp\/v2\/posts\/14651","targetHints":{"allow":["GET"]}}],"collection":[{"href":"https:\/\/hostnetart.com.br\/baixada\/wp-json\/wp\/v2\/posts"}],"about":[{"href":"https:\/\/hostnetart.com.br\/baixada\/wp-json\/wp\/v2\/types\/post"}],"author":[{"embeddable":true,"href":"https:\/\/hostnetart.com.br\/baixada\/wp-json\/wp\/v2\/users\/2"}],"replies":[{"embeddable":true,"href":"https:\/\/hostnetart.com.br\/baixada\/wp-json\/wp\/v2\/comments?post=14651"}],"version-history":[{"count":0,"href":"https:\/\/hostnetart.com.br\/baixada\/wp-json\/wp\/v2\/posts\/14651\/revisions"}],"wp:featuredmedia":[{"embeddable":true,"href":"https:\/\/hostnetart.com.br\/baixada\/wp-json\/wp\/v2\/media\/14650"}],"wp:attachment":[{"href":"https:\/\/hostnetart.com.br\/baixada\/wp-json\/wp\/v2\/media?parent=14651"}],"wp:term":[{"taxonomy":"category","embeddable":true,"href":"https:\/\/hostnetart.com.br\/baixada\/wp-json\/wp\/v2\/categories?post=14651"},{"taxonomy":"post_tag","embeddable":true,"href":"https:\/\/hostnetart.com.br\/baixada\/wp-json\/wp\/v2\/tags?post=14651"}],"curies":[{"name":"wp","href":"https:\/\/api.w.org\/{rel}","templated":true}]}}