{"id":1465,"date":"2013-09-06T00:00:00","date_gmt":"2013-09-06T03:00:00","guid":{"rendered":"https:\/\/hostnetart.com.br\/baixada\/comando-critica-postura-de-bb-e-caixa-por-nao-apresentarem-propostas\/"},"modified":"2013-09-06T00:00:00","modified_gmt":"2013-09-06T03:00:00","slug":"comando-critica-postura-de-bb-e-caixa-por-nao-apresentarem-propostas","status":"publish","type":"post","link":"https:\/\/hostnetart.com.br\/baixada\/comando-critica-postura-de-bb-e-caixa-por-nao-apresentarem-propostas\/","title":{"rendered":"Comando critica postura de BB e Caixa por n\u00e3o apresentarem propostas"},"content":{"rendered":"<p>O Comando Nacional dos Banc\u00e1rios, coordenado pela Contraf-CUT, condena a postura do Banco do Brasil e da Caixa Econ\u00f4mica Federal por n\u00e3o terem apresentado propostas para as reivindica\u00e7\u00f5es espec\u00edficas nesta quinta-feira 5, frustrando seus trabalhadores.<\/p>\n<p>\u00a0<\/p>\n<p>Al\u00e9m disso, o BB publicou mat\u00e9ria em seu site de negocia\u00e7\u00e3o coletiva com uma informa\u00e7\u00e3o divergente daquela informada pela Fenaban na mesa da negocia\u00e7\u00e3o desta quinta-feira durante a apresenta\u00e7\u00e3o da proposta global e final como foi afirmado por Magnus Apost\u00f3lico.<\/p>\n<p>\u00a0<\/p>\n<p>O banco informa que, \u201cagora, tanto o \u00edndice quanto as demais cl\u00e1usulas ser\u00e3o avaliadas pelas confedera\u00e7\u00f5es sindicais. Ap\u00f3s essa an\u00e1lise, uma nova reuni\u00e3o entre representantes dos bancos p\u00fablicos e privados e dos funcion\u00e1rios dever\u00e1 ser agendada. O mais prov\u00e1vel \u00e9 que esse encontro aconte\u00e7a j\u00e1 na semana que vem\u201d.<\/p>\n<p>\u00a0<\/p>\n<p>Mas isso n\u00e3o \u00e9 verdade. \u201cAl\u00e9m de frustrar os funcion\u00e1rios e n\u00e3o apresentar proposta espec\u00edfica que atenda e resolva os problemas apresentados nas tr\u00eas rodadas de negocia\u00e7\u00e3o no m\u00eas de agosto, o BB ainda divulga uma informa\u00e7\u00e3o equivocada para confundir os banc\u00e1rios\u201d, critica William Mendes, secret\u00e1rio de Forma\u00e7\u00e3o da Contraf-CUT e coordenador da Comiss\u00e3o de Empresa dos Funcion\u00e1rios do BB.<\/p>\n<p>\u00a0<\/p>\n<p>William critica ainda o BB por ter aproveitado o per\u00edodo de renova\u00e7\u00e3o de direitos coletivos para anunciar planos de desligamento volunt\u00e1rio em \u00e1reas com reestrutura\u00e7\u00e3o, fazendo o inverso daquilo que a categoria est\u00e1 reivindicando \u2013 mais contrata\u00e7\u00f5es. \u201c\u00c9 um total desrespeito aos banc\u00e1rios e suas entidades sindicais. A resposta deve ser mostrada com a participa\u00e7\u00e3o massiva de todos nas assembleias e nas mobiliza\u00e7\u00f5es\u201d, afirma William Mendes.<\/p>\n<p>\u00a0<\/p>\n<p>Fonte: Contraf-CUT<\/p>\n","protected":false},"excerpt":{"rendered":"<p>O Comando Nacional dos Banc\u00e1rios, coordenado pela Contraf-CUT, condena a postura do Banco do Brasil e da Caixa Econ\u00f4mica Federal por n\u00e3o terem apresentado propostas para as reivindica\u00e7\u00f5es espec\u00edficas nesta quinta-feira 5, frustrando seus trabalhadores. \u00a0 Al\u00e9m disso, o BB publicou mat\u00e9ria em seu site de negocia\u00e7\u00e3o coletiva com uma informa\u00e7\u00e3o divergente daquela informada pela [&hellip;]<\/p>\n","protected":false},"author":1,"featured_media":0,"comment_status":"","ping_status":"","sticky":false,"template":"","format":"standard","meta":{"footnotes":""},"categories":[3],"tags":[],"class_list":["post-1465","post","type-post","status-publish","format-standard","hentry","category-noticias"],"_links":{"self":[{"href":"https:\/\/hostnetart.com.br\/baixada\/wp-json\/wp\/v2\/posts\/1465","targetHints":{"allow":["GET"]}}],"collection":[{"href":"https:\/\/hostnetart.com.br\/baixada\/wp-json\/wp\/v2\/posts"}],"about":[{"href":"https:\/\/hostnetart.com.br\/baixada\/wp-json\/wp\/v2\/types\/post"}],"author":[{"embeddable":true,"href":"https:\/\/hostnetart.com.br\/baixada\/wp-json\/wp\/v2\/users\/1"}],"replies":[{"embeddable":true,"href":"https:\/\/hostnetart.com.br\/baixada\/wp-json\/wp\/v2\/comments?post=1465"}],"version-history":[{"count":0,"href":"https:\/\/hostnetart.com.br\/baixada\/wp-json\/wp\/v2\/posts\/1465\/revisions"}],"wp:attachment":[{"href":"https:\/\/hostnetart.com.br\/baixada\/wp-json\/wp\/v2\/media?parent=1465"}],"wp:term":[{"taxonomy":"category","embeddable":true,"href":"https:\/\/hostnetart.com.br\/baixada\/wp-json\/wp\/v2\/categories?post=1465"},{"taxonomy":"post_tag","embeddable":true,"href":"https:\/\/hostnetart.com.br\/baixada\/wp-json\/wp\/v2\/tags?post=1465"}],"curies":[{"name":"wp","href":"https:\/\/api.w.org\/{rel}","templated":true}]}}