{"id":14645,"date":"2023-10-18T16:14:57","date_gmt":"2023-10-18T19:14:57","guid":{"rendered":"https:\/\/hostnetart.com.br\/baixada\/estudo-mostra-transformacoes-no-ramo-financeiro-nos-ultimos-10-anos\/"},"modified":"2023-10-18T16:14:57","modified_gmt":"2023-10-18T19:14:57","slug":"estudo-mostra-transformacoes-no-ramo-financeiro-nos-ultimos-10-anos","status":"publish","type":"post","link":"https:\/\/hostnetart.com.br\/baixada\/estudo-mostra-transformacoes-no-ramo-financeiro-nos-ultimos-10-anos\/","title":{"rendered":"Estudo mostra transforma\u00e7\u00f5es no ramo financeiro nos \u00faltimos 10 anos"},"content":{"rendered":"<p>O\u00a0<em>Perfil da Categoria Banc\u00e1ria e Demais Trabalhadores e Trabalhadoras Formais do Ramo Financeiro na \u00daltima D\u00e9cada \u2013 2012-2022<\/em>, produzido recentemente pela Confedera\u00e7\u00e3o Nacional dos Trabalhadores do Ramos Financeiro (Contraf-CUT), em parceria com o Departamento Intersindical de Estat\u00edstica e Estudos Socioecon\u00f4micos (Dieese), apresenta um amplo diagn\u00f3stico das transforma\u00e7\u00f5es do setor nos \u00faltimos 10 anos.<\/p>\n<p>A publica\u00e7\u00e3o examina o perfil da categoria banc\u00e1ria e demais trabalhadores do ramo financeiro por v\u00e1rios aspectos, como unidades da federa\u00e7\u00e3o brasileira onde est\u00e3o esses trabalhadores, natureza jur\u00eddica das empresas, jornada de trabalho, remunera\u00e7\u00e3o, escolaridade, faixa et\u00e1ria, sexo, cor\/ra\u00e7a e segmento de pessoas com defici\u00eancia (PCD). O principal objetivo da sistematiza\u00e7\u00e3o do conte\u00fado \u00e9 subsidiar as a\u00e7\u00f5es do movimento de trabalhadores, diante do cen\u00e1rio atual do setor financeiro, que passa por intensas e cont\u00ednuas transforma\u00e7\u00f5es.<\/p>\n<p>Um dos pontos que chamam a aten\u00e7\u00e3o \u00e9 a redu\u00e7\u00e3o de banc\u00e1rios em rela\u00e7\u00e3o aos demais trabalhadores do ramo. Se em 2012 representavam 59% do total, 10 anos depois passaram a 44%. Essa mudan\u00e7a, segundo o estudo, \u201ctem consequ\u00eancias na realidade concreta dos trabalhadores e trabalhadoras do setor, na medida em que as condi\u00e7\u00f5es objetivas de trabalho s\u00e3o bastante diversas e heterog\u00eaneas\u201d. A an\u00e1lise da publica\u00e7\u00e3o ressalta que, \u201cem geral, as demais categorias do ramo t\u00eam condi\u00e7\u00f5es de trabalho relativamente inferiores \u00e0s dos banc\u00e1rios e banc\u00e1rias, em termos de remunera\u00e7\u00e3o, jornada de trabalho, tempo de perman\u00eancia no emprego, direitos garantidos em leis, acordos e conven\u00e7\u00f5es coletivas de trabalho\u201d.<\/p>\n<p>Entre exemplos dessa diversidade, o\u00a0<em>Perfil<\/em>\u00a0destaca que, no per\u00edodo, sempre em valores atualizados para dezembro de 2021, enquanto a remunera\u00e7\u00e3o m\u00e9dia de um banc\u00e1rio ou banc\u00e1ria passou de R$ 9.558 para R$ 10.060, a dos demais trabalhadores e trabalhadoras do ramo foi de R$ 6.322 para R$ 6.284. Ou seja, al\u00e9m de estar em patamares inferiores, apresentou oscila\u00e7\u00e3o para baixo.<\/p>\n<p>O estudo tamb\u00e9m mostra que h\u00e1 \u201cgrande diversidade de condi\u00e7\u00f5es de trabalho\u201d entre as categorias n\u00e3o banc\u00e1rias do ramo financeiro formal. Os trabalhadores e trabalhadoras em cooperativas de cr\u00e9dito, por exemplo, que cresceram significativamente no per\u00edodo, t\u00eam ganho ao redor de 50% da m\u00e9dia banc\u00e1ria e perman\u00eancia no emprego de 49 meses, tamb\u00e9m pr\u00f3xima da metade em rela\u00e7\u00e3o aos banc\u00e1rios.<\/p>\n<p>O caderno tamb\u00e9m mostra o crescimento de categorias ligadas \u00e0s \u00e1reas de seguro, previd\u00eancia complementar, planos de sa\u00fade e cart\u00f5es de cr\u00e9dito, al\u00e9m de outras atividades \u201cpouco definidas do sistema financeiro nacional\u201d, fato que favorece \u201co surgimento de novos modelos empresariais no ramo financeiro, como as\u00a0<em>Fintechs<\/em>\u00a0e as plataformas de servi\u00e7os financeiros\u201d.<\/p>\n<h3><strong>Subs\u00eddios para a luta<\/strong><\/h3>\n<p>Na introdu\u00e7\u00e3o, a presidenta da Contraf-CUT, Juvandia Moreira, destaca que o\u00a0<em>Perfil da Categoria Banc\u00e1ria e Demais Trabalhadores e Trabalhadoras Formais do Ramo Financeiro na \u00daltima D\u00e9cada \u2013 2012-2022<\/em>\u00a0\u00e9 importante para que \u201cas entidades sindicais tenham capacidade de compreender o mundo em transforma\u00e7\u00e3o, para que possam atuar de forma eficaz para regular as rela\u00e7\u00f5es de trabalho, com base nos preceitos do trabalho decente em todas as suas dimens\u00f5es\u201d.<\/p>\n<p>A dirigente aponta que o desafio dos representantes dos trabalhadores do ramo financeiro, evidenciado pela an\u00e1lise dos dados da \u00faltima d\u00e9cada \u00e9 a \u201ctend\u00eancia de fragmenta\u00e7\u00e3o do emprego no setor financeiro brasileiro, com a for\u00e7a de trabalho sendo pulverizada em diferentes categorias para al\u00e9m da banc\u00e1ria, como os securit\u00e1rios ou os trabalhadores e trabalhadoras em cooperativas de cr\u00e9dito\u201d. Juvandia ressalta que esse processo ocorre junto ao \u201ccrescimento do emprego n\u00e3o assalariado, com aumento dos trabalhadores aut\u00f4nomos e plataformizados\u201d.<\/p>\n<p>Para Juvandia, o \u201cconhecimento gerado a partir das informa\u00e7\u00f5es desta cartilha e das pr\u00f3ximas etapas dos estudos que est\u00e3o por vir servir\u00e1 de subs\u00eddio para a atua\u00e7\u00e3o da Contraf-CUT, federa\u00e7\u00f5es e sindicatos na formula\u00e7\u00e3o de estrat\u00e9gias para a constru\u00e7\u00e3o da organiza\u00e7\u00e3o coletiva do ramo financeiro em todas as suas dimens\u00f5es e todos os segmentos de trabalhadores e trabalhadoras que est\u00e3o nas cadeias de valor dos grandes conglomerados financeiros atuantes no Brasil\u201d.<\/p>\n<h3><strong>Constru\u00e7\u00e3o do ramo financeiro<\/strong><\/h3>\n<p>O secret\u00e1rio de Assuntos Socioecon\u00f4micos da Confedera\u00e7\u00e3o Nacional dos Trabalhadores do Ramo Financeiro (Contraf-CUT), Walcir Previtale, pontua que o Perfil faz \u201cum diagn\u00f3stico com uma d\u00e9cada de informa\u00e7\u00f5es sobre banc\u00e1rios e banc\u00e1rias e demais trabalhadores formais do ramo, elucidando informa\u00e7\u00f5es estrat\u00e9gicas do setor, que visam a ajudar o movimento sindical a transformar essas informa\u00e7\u00f5es em luta concreta e real, no sentido de caminharmos no fortalecimento e amplia\u00e7\u00e3o do ramo financeiro\u201d.<\/p>\n<p>Walcir ainda salienta que o atual estudo \u00e9 uma retomada do hist\u00f3rico \u201cPerfil do Banc\u00e1rio\u201d, pesquisa realizada pela Executiva Nacional dos Banc\u00e1rios junto ao Instituto DataFolha, em 1996. \u201cAlguns dados s\u00e3o interessantes. Apontam que 86% da categoria banc\u00e1ria trabalhavam em ag\u00eancias e apenas 8% em pr\u00e9dios administrativos. A pesquisa tamb\u00e9m mostrava que caixas e escritur\u00e1rios eram a maioria dos trabalhadores nos bancos. Os homens tamb\u00e9m eram a maioria, ocupando 59% das vagas de trabalho\u201d, lembra o dirigente.<\/p>\n<p>Hoje, como pontua Walcir, \u201co novo estudo mostra que a realidade dos trabalhadores do ramo financeiro mudou bastante: a concentra\u00e7\u00e3o banc\u00e1ria se acentuou, a organiza\u00e7\u00e3o do trabalho \u00e9 totalmente diferente e a tecnologia avan\u00e7ou de forma avassaladora no sistema financeiro\u201d. O secret\u00e1rio analisa que \u201ctudo isso nos coloca um enorme desafio para pensar novas formas de organiza\u00e7\u00e3o sindical e de representa\u00e7\u00e3o desses trabalhadores e trabalhadoras do ramo financeiro\u201d.<\/p>\n<h3><strong>Novos par\u00e2metros<\/strong><\/h3>\n<p>Para o economista Gustavo Machado Cavarzan, da subse\u00e7\u00e3o do Dieese na Contraf-CUT e um dos respons\u00e1veis pelo\u00a0<em>Perfil<\/em>, o trabalho de mapeamento \u201c\u00e9 importante, em primeiro lugar, para atualizar informa\u00e7\u00f5es sobre a categoria e verificar o que mudou em rela\u00e7\u00e3o a 10 anos atr\u00e1s, em termos de padr\u00f5es de jornada de trabalho, remunera\u00e7\u00e3o, tempo no emprego, pir\u00e2mide ocupacional, faixa et\u00e1ria, escolaridade, g\u00eanero, ra\u00e7a e pessoas com defici\u00eancia, entre outros aspectos\u201d.<\/p>\n<p>Gustavo explica que \u201ccompreender como cada indicador se comportou ao longo da \u00faltima d\u00e9cada \u00e9 fundamental para direcionar mudan\u00e7as na pr\u00f3pria atua\u00e7\u00e3o do movimento sindical banc\u00e1rio\u201d. O economista tamb\u00e9m entende que \u201cum segundo eixo relevante do estudo \u00e9 a compara\u00e7\u00e3o de todos estes indicadores, entre a categoria banc\u00e1ria e as demais categorias do ramo, buscando destacar o que unifica e o que difere cada um desses segmentos, com o objetivo de tamb\u00e9m direcionar a a\u00e7\u00e3o sindical mais efetiva no caminho de constru\u00e7\u00e3o da organiza\u00e7\u00e3o mais ampla do ramo financeiro como um todo\u201d.<\/p>\n<p>Para a economista Vivian Machado, tamb\u00e9m da subse\u00e7\u00e3o do Dieese na Contraf-CUT e uma das respons\u00e1veis pelo estudo, \u201cum destaque revelado pelo trabalho seria a perda de participa\u00e7\u00e3o percentual e absoluta de banc\u00e1rias e banc\u00e1rios em rela\u00e7\u00e3o \u00e0s demais categorias dentro do ramo financeiro, o que refor\u00e7a a necessidade de se pensar formas de acessar os trabalhadores desses segmentos de trabalhadores n\u00e3o banc\u00e1rios, especialmente com um olhar voltado para as diferen\u00e7as de remunera\u00e7\u00e3o e jornada, por exemplo\u201d. Por conta dessas disparidades entre os diversos trabalhadores do ramo, Vivian ressalta \u201cque futuras negocia\u00e7\u00f5es dever\u00e3o levar em conta as especificidades de cada segmento\u201d.<\/p>\n<p>O\u00a0<em>Perfil da Categoria Banc\u00e1ria e Demais Trabalhadores e Trabalhadoras Formais do Ramo Financeiro na \u00daltima D\u00e9cada \u2013 2012-2022<\/em>\u00a0est\u00e1 dispon\u00edvel para federa\u00e7\u00f5es e sindicatos filiados \u00e0 Contraf-CUT na \u00e1rea restrita do site da entidade.<\/p>\n<p><strong>Fonte: Contraf-CUT<\/strong><\/p>\n","protected":false},"excerpt":{"rendered":"<p>O\u00a0Perfil da Categoria Banc\u00e1ria e Demais Trabalhadores e Trabalhadoras Formais do Ramo Financeiro na \u00daltima D\u00e9cada \u2013 2012-2022, produzido recentemente pela Confedera\u00e7\u00e3o Nacional dos Trabalhadores do Ramos Financeiro (Contraf-CUT), em parceria com o Departamento Intersindical de Estat\u00edstica e Estudos Socioecon\u00f4micos (Dieese), apresenta um amplo diagn\u00f3stico das transforma\u00e7\u00f5es do setor nos \u00faltimos 10 anos. A publica\u00e7\u00e3o [&hellip;]<\/p>\n","protected":false},"author":2,"featured_media":14644,"comment_status":"","ping_status":"","sticky":false,"template":"","format":"standard","meta":{"footnotes":""},"categories":[3],"tags":[],"class_list":["post-14645","post","type-post","status-publish","format-standard","has-post-thumbnail","hentry","category-noticias"],"_links":{"self":[{"href":"https:\/\/hostnetart.com.br\/baixada\/wp-json\/wp\/v2\/posts\/14645","targetHints":{"allow":["GET"]}}],"collection":[{"href":"https:\/\/hostnetart.com.br\/baixada\/wp-json\/wp\/v2\/posts"}],"about":[{"href":"https:\/\/hostnetart.com.br\/baixada\/wp-json\/wp\/v2\/types\/post"}],"author":[{"embeddable":true,"href":"https:\/\/hostnetart.com.br\/baixada\/wp-json\/wp\/v2\/users\/2"}],"replies":[{"embeddable":true,"href":"https:\/\/hostnetart.com.br\/baixada\/wp-json\/wp\/v2\/comments?post=14645"}],"version-history":[{"count":0,"href":"https:\/\/hostnetart.com.br\/baixada\/wp-json\/wp\/v2\/posts\/14645\/revisions"}],"wp:featuredmedia":[{"embeddable":true,"href":"https:\/\/hostnetart.com.br\/baixada\/wp-json\/wp\/v2\/media\/14644"}],"wp:attachment":[{"href":"https:\/\/hostnetart.com.br\/baixada\/wp-json\/wp\/v2\/media?parent=14645"}],"wp:term":[{"taxonomy":"category","embeddable":true,"href":"https:\/\/hostnetart.com.br\/baixada\/wp-json\/wp\/v2\/categories?post=14645"},{"taxonomy":"post_tag","embeddable":true,"href":"https:\/\/hostnetart.com.br\/baixada\/wp-json\/wp\/v2\/tags?post=14645"}],"curies":[{"name":"wp","href":"https:\/\/api.w.org\/{rel}","templated":true}]}}