{"id":14643,"date":"2023-10-18T01:59:37","date_gmt":"2023-10-18T04:59:37","guid":{"rendered":"https:\/\/hostnetart.com.br\/baixada\/sindicato-participa-de-seminario-sobre-reforma-sindical\/"},"modified":"2023-10-18T01:59:37","modified_gmt":"2023-10-18T04:59:37","slug":"sindicato-participa-de-seminario-sobre-reforma-sindical","status":"publish","type":"post","link":"https:\/\/hostnetart.com.br\/baixada\/sindicato-participa-de-seminario-sobre-reforma-sindical\/","title":{"rendered":"Sindicato participa de semin\u00e1rio sobre Reforma Sindical"},"content":{"rendered":"<p>Nesta ter\u00e7a-feira, 17 de outubro, o Sindicato dos Banc\u00e1rios da Baixada Fluminense participou do Semin\u00e1rio \u201cReforma Sindical: O futuro dos sindicatos no Brasil\u201d, promovido pela Federa\u00e7\u00e3o dos Trabalhadores do Ramo Financeiro dos Estados do Rio de Janeiro e Esp\u00edrito Santo (Fetraf RJ\/ES), da qual \u00e9 filiado.<\/p>\n<p>O evento presencial, foi realizado no audit\u00f3rio da Federa\u00e7\u00e3o, e foi aberto para todos e todas as dirigentes sindicais da base da entidade.<\/p>\n<p>O Semin\u00e1rio teve como objetivo analisar a necessidade de reforma e discutir poss\u00edveis mudan\u00e7as, buscando fortalecer a representatividade dos trabalhadores, das trabalhadoras e dos Sindicatos, assim como melhorar as condi\u00e7\u00f5es de trabalho e a negocia\u00e7\u00e3o coletiva.<\/p>\n<p>Durante o semin\u00e1rio, foi debatido o contexto antes e p\u00f3s reforma trabalhista de 2017; os desafios enfrentados e os impactos esperados com uma poss\u00edvel reforma sindical. Foram abordadas quest\u00f5es como a liberdade sindical, organiza\u00e7\u00e3o sindical por setor ou ramo de atividade econ\u00f4mica como forma agregadora; o financiamento e reorganiza\u00e7\u00e3o patrimonial das entidades e as prerrogativas necess\u00e1rias para integrar o sistema de negocia\u00e7\u00e3o coletiva conforme o Projeto de Valoriza\u00e7\u00e3o do Sistema Sindical e da Negocia\u00e7\u00e3o Coletiva, constru\u00eddo em conjunto pelas principais Centrais Sindicais.<\/p>\n<p>Os palestrantes foram Paulo J\u00e4ger (Economista e Supervisor T\u00e9cnico do Escrit\u00f3rio Regional do Dieese\/RJ), Normando Rodrigues (Integrante do Coletivo Jur\u00eddico da CUT e assessor jur\u00eddico da FUP) e Fausto Augusto (Diretor t\u00e9cnico do Dieese).<\/p>\n","protected":false},"excerpt":{"rendered":"<p>Nesta ter\u00e7a-feira, 17 de outubro, o Sindicato dos Banc\u00e1rios da Baixada Fluminense participou do Semin\u00e1rio \u201cReforma Sindical: O futuro dos sindicatos no Brasil\u201d, promovido pela Federa\u00e7\u00e3o dos Trabalhadores do Ramo Financeiro dos Estados do Rio de Janeiro e Esp\u00edrito Santo (Fetraf RJ\/ES), da qual \u00e9 filiado. O evento presencial, foi realizado no audit\u00f3rio da Federa\u00e7\u00e3o, [&hellip;]<\/p>\n","protected":false},"author":2,"featured_media":14642,"comment_status":"","ping_status":"","sticky":false,"template":"","format":"standard","meta":{"footnotes":""},"categories":[3],"tags":[],"class_list":["post-14643","post","type-post","status-publish","format-standard","has-post-thumbnail","hentry","category-noticias"],"_links":{"self":[{"href":"https:\/\/hostnetart.com.br\/baixada\/wp-json\/wp\/v2\/posts\/14643","targetHints":{"allow":["GET"]}}],"collection":[{"href":"https:\/\/hostnetart.com.br\/baixada\/wp-json\/wp\/v2\/posts"}],"about":[{"href":"https:\/\/hostnetart.com.br\/baixada\/wp-json\/wp\/v2\/types\/post"}],"author":[{"embeddable":true,"href":"https:\/\/hostnetart.com.br\/baixada\/wp-json\/wp\/v2\/users\/2"}],"replies":[{"embeddable":true,"href":"https:\/\/hostnetart.com.br\/baixada\/wp-json\/wp\/v2\/comments?post=14643"}],"version-history":[{"count":0,"href":"https:\/\/hostnetart.com.br\/baixada\/wp-json\/wp\/v2\/posts\/14643\/revisions"}],"wp:featuredmedia":[{"embeddable":true,"href":"https:\/\/hostnetart.com.br\/baixada\/wp-json\/wp\/v2\/media\/14642"}],"wp:attachment":[{"href":"https:\/\/hostnetart.com.br\/baixada\/wp-json\/wp\/v2\/media?parent=14643"}],"wp:term":[{"taxonomy":"category","embeddable":true,"href":"https:\/\/hostnetart.com.br\/baixada\/wp-json\/wp\/v2\/categories?post=14643"},{"taxonomy":"post_tag","embeddable":true,"href":"https:\/\/hostnetart.com.br\/baixada\/wp-json\/wp\/v2\/tags?post=14643"}],"curies":[{"name":"wp","href":"https:\/\/api.w.org\/{rel}","templated":true}]}}