{"id":14641,"date":"2023-10-17T19:41:43","date_gmt":"2023-10-17T22:41:43","guid":{"rendered":"https:\/\/hostnetart.com.br\/baixada\/gt-de-saude-se-reune-com-itau-para-debater-o-canal-de-denuncias-interno\/"},"modified":"2023-10-17T19:41:43","modified_gmt":"2023-10-17T22:41:43","slug":"gt-de-saude-se-reune-com-itau-para-debater-o-canal-de-denuncias-interno","status":"publish","type":"post","link":"https:\/\/hostnetart.com.br\/baixada\/gt-de-saude-se-reune-com-itau-para-debater-o-canal-de-denuncias-interno\/","title":{"rendered":"GT de Sa\u00fade se re\u00fane com Ita\u00fa para debater o canal de den\u00fancias interno"},"content":{"rendered":"<p>Dando continuidade ao compromisso de zelar pela sa\u00fade e condi\u00e7\u00f5es de trabalho dos banc\u00e1rios, o Grupo de Trabalho (GT) de Sa\u00fade do Ita\u00fa se reuniu com a dire\u00e7\u00e3o do banco, nesta ter\u00e7a-feira (17), para discutir o aprimoramento do canal interno de den\u00fancias.<\/p>\n<p>O ombudsman do Ita\u00fa fez uma apresenta\u00e7\u00e3o sobre o atual canal de den\u00fancias e revelou os n\u00fameros de apura\u00e7\u00f5es e as a\u00e7\u00f5es empreendidas em rela\u00e7\u00e3o a condutas inadequadas. Durante a apresenta\u00e7\u00e3o, ele ressaltou a import\u00e2ncia da divulga\u00e7\u00e3o do canal de den\u00fancias e forneceu informa\u00e7\u00f5es sobre como os funcion\u00e1rios podem reportar incidentes, incluindo v\u00eddeos e podcasts que abordam a constru\u00e7\u00e3o de ambientes saud\u00e1veis com \u00eanfase na seguran\u00e7a psicol\u00f3gica.<\/p>\n<p>O movimento sindical expressou preocupa\u00e7\u00f5es em rela\u00e7\u00e3o \u00e0 confiabilidade do canal de den\u00fancias entre os banc\u00e1rios. \u201cMuitas den\u00fancias s\u00e3o encaminhadas ao banco por meio de canais internos. N\u00f3s reivindicamos maior agilidade nas apura\u00e7\u00f5es, bem como total preserva\u00e7\u00e3o da identidade do denunciante. O sigilo absoluto da den\u00fancia e um retorno satisfat\u00f3rio sobre as a\u00e7\u00f5es tomadas s\u00e3o fundamentais\u201d, afirmou a coordenadora do GT, Luciana Duarte. \u201c\u00c9 fundamental que os banc\u00e1rios se sintam seguros ao denunciar casos de ass\u00e9dio moral, ass\u00e9dio sexual ou qualquer forma de discrimina\u00e7\u00e3o no ambiente de trabalho\u201d, completou.<\/p>\n<p>O GT de Sa\u00fade enfatizou que \u00e9 inaceit\u00e1vel que, em alguns casos, denunciantes sofram retalia\u00e7\u00f5es, como demiss\u00f5es ou transfer\u00eancias, o que permite que os assediadores continuem impunes. \u201cN\u00f3s apresentamos exemplos da necessidade de uma a\u00e7\u00e3o mais efetiva nesse sentido. A cria\u00e7\u00e3o de rela\u00e7\u00f5es saud\u00e1veis e respeitosas no ambiente de trabalho \u00e9 uma prioridade inegoci\u00e1vel\u201d, garantiu Luciana.<\/p>\n<p>Outra demanda apresentada pelo movimento sindical foi a participa\u00e7\u00e3o ativa na apura\u00e7\u00e3o dos casos de den\u00fancia. O banco se comprometeu a reavaliar as situa\u00e7\u00f5es discutidas durante a reuni\u00e3o e a continuar o di\u00e1logo sobre esse tema crucial.<\/p>\n<p><strong>Fonte: Contraf-CUT<\/strong><\/p>\n","protected":false},"excerpt":{"rendered":"<p>Dando continuidade ao compromisso de zelar pela sa\u00fade e condi\u00e7\u00f5es de trabalho dos banc\u00e1rios, o Grupo de Trabalho (GT) de Sa\u00fade do Ita\u00fa se reuniu com a dire\u00e7\u00e3o do banco, nesta ter\u00e7a-feira (17), para discutir o aprimoramento do canal interno de den\u00fancias. O ombudsman do Ita\u00fa fez uma apresenta\u00e7\u00e3o sobre o atual canal de den\u00fancias [&hellip;]<\/p>\n","protected":false},"author":2,"featured_media":14640,"comment_status":"","ping_status":"","sticky":false,"template":"","format":"standard","meta":{"footnotes":""},"categories":[3],"tags":[],"class_list":["post-14641","post","type-post","status-publish","format-standard","has-post-thumbnail","hentry","category-noticias"],"_links":{"self":[{"href":"https:\/\/hostnetart.com.br\/baixada\/wp-json\/wp\/v2\/posts\/14641","targetHints":{"allow":["GET"]}}],"collection":[{"href":"https:\/\/hostnetart.com.br\/baixada\/wp-json\/wp\/v2\/posts"}],"about":[{"href":"https:\/\/hostnetart.com.br\/baixada\/wp-json\/wp\/v2\/types\/post"}],"author":[{"embeddable":true,"href":"https:\/\/hostnetart.com.br\/baixada\/wp-json\/wp\/v2\/users\/2"}],"replies":[{"embeddable":true,"href":"https:\/\/hostnetart.com.br\/baixada\/wp-json\/wp\/v2\/comments?post=14641"}],"version-history":[{"count":0,"href":"https:\/\/hostnetart.com.br\/baixada\/wp-json\/wp\/v2\/posts\/14641\/revisions"}],"wp:featuredmedia":[{"embeddable":true,"href":"https:\/\/hostnetart.com.br\/baixada\/wp-json\/wp\/v2\/media\/14640"}],"wp:attachment":[{"href":"https:\/\/hostnetart.com.br\/baixada\/wp-json\/wp\/v2\/media?parent=14641"}],"wp:term":[{"taxonomy":"category","embeddable":true,"href":"https:\/\/hostnetart.com.br\/baixada\/wp-json\/wp\/v2\/categories?post=14641"},{"taxonomy":"post_tag","embeddable":true,"href":"https:\/\/hostnetart.com.br\/baixada\/wp-json\/wp\/v2\/tags?post=14641"}],"curies":[{"name":"wp","href":"https:\/\/api.w.org\/{rel}","templated":true}]}}