{"id":14639,"date":"2023-10-17T17:44:45","date_gmt":"2023-10-17T20:44:45","guid":{"rendered":"https:\/\/hostnetart.com.br\/baixada\/empregadas-e-empregados-se-manifestam-em-defesa-do-saude-caixa\/"},"modified":"2023-10-17T17:44:45","modified_gmt":"2023-10-17T20:44:45","slug":"empregadas-e-empregados-se-manifestam-em-defesa-do-saude-caixa","status":"publish","type":"post","link":"https:\/\/hostnetart.com.br\/baixada\/empregadas-e-empregados-se-manifestam-em-defesa-do-saude-caixa\/","title":{"rendered":"Empregadas e empregados se manifestam em defesa do Sa\u00fade Caixa"},"content":{"rendered":"<p>Banc\u00e1rios de todo o pa\u00eds realizaram manifesta\u00e7\u00f5es, nesta ter\u00e7a-feira (17), nas ag\u00eancias e departamentos administrativos da Caixa Econ\u00f4mica Federal. Os protestos ocorreram devido ao n\u00e3o avan\u00e7o das negocia\u00e7\u00f5es com o banco para a renova\u00e7\u00e3o do Acordo Coletivo de Trabalho (ACT) espec\u00edfico do plano de sa\u00fade das empregadas e empregados do banco, o Sa\u00fade Caixa. A vig\u00eancia do atual acordo se encerra em dezembro.<\/p>\n<p>\u201cA Caixa vem endurecendo as negocia\u00e7\u00f5es e n\u00e3o se posiciona quanto \u00e0 exclus\u00e3o do teto de custeio do plano pelo banco, definido no estatuto da Caixa em 6,5% da folha de pagamentos\u201d, disse a coordenadora da Comiss\u00e3o Executiva dos Empregados (CEE) e do Grupo de Trabalho que discute solu\u00e7\u00f5es para o plano de sa\u00fade, Fabiana Uehara Proscholdt. \u201cPior do que isso, o banco n\u00e3o apresenta propostas para o Sa\u00fade Caixa e se nega a negociar outras pautas enquanto n\u00e3o h\u00e1 acerto para o acordo do plano de sa\u00fade\u201d, criticou Fabiana, ao acrescentar que, apesar de n\u00e3o apresentar propostas, o banco vem trazendo n\u00fameros que sugerem o estabelecimento da cobran\u00e7a por faixa et\u00e1ria.<\/p>\n<p>\u201cIsso \u00e9 um ataque aos princ\u00edpios da solidariedade e ao pacto intergeracional do Sa\u00fade Caixa, que foi criado de forma que todos possam ter acesso ao plano, at\u00e9 \u00e0 aposentadoria. A cobran\u00e7a por faixa et\u00e1ria transforma o Sa\u00fade Caixa em mais um plano de mercado, inacess\u00edvel aos aposentados\u201d, explicou a coordenadora da CEE.<\/p>\n<p><strong>Veja\u00a0<a href=\"https:\/\/www.facebook.com\/media\/set\/?vanity=contrafcut&amp;set=a.701867465297973\" target=\"_blank\" rel=\"noopener noreferrer\">galeria de fotos<\/a>\u00a0das manifesta\u00e7\u00f5es<\/strong><\/p>\n<h3><strong>Cor de luta<\/strong><\/h3>\n<p>As empregadas e empregados, da ativa e aposentados, foram orientados a utilizarem roupas brancas nesta ter\u00e7a-feira e a tirarem fotos da manifesta\u00e7\u00e3o para serem compartilhadas nas redes sociais.<\/p>\n<p>Os sindicatos distribu\u00edram um boletim explicando a situa\u00e7\u00e3o do Sa\u00fade Caixa, das negocia\u00e7\u00f5es para a renova\u00e7\u00e3o do acordo coletivos e dos riscos que os empregados correm se a Caixa insistir na manuten\u00e7\u00e3o do teto de custeio e na solu\u00e7\u00e3o por meio da cobran\u00e7a de mensalidades de acordo com a faixa et\u00e1ria.<\/p>\n<p>\u201cIsso vai expurgar do plano todos os aposentados e os empregados da ativa mais idosos, assim como aqueles que ganham menos. E, com uma carteira menor, n\u00e3o vai demorar muito para que os valores fiquem mais altos tamb\u00e9m para os mais novos e que ganham mais, inviabilizando o plano para o conjunto dos trabalhadores. Ser\u00e1 fim do Sa\u00fade Caixa e a abertura para a entrada de empresas de sa\u00fade privada\u201d, afirmou a coordenadora da CEE.<\/p>\n<h3><strong>A luta continua<\/strong><\/h3>\n<p>Os trabalhadores continuar\u00e3o com as manifesta\u00e7\u00f5es at\u00e9 que a Caixa resolva apresentar uma proposta vi\u00e1vel para os trabalhadores. Um novo Dia Nacional de Luta em Defesa do Sa\u00fade Caixa j\u00e1 est\u00e1 pr\u00e9-agendado para o dia 30 de outubro.<\/p>\n<p><strong>Fonte: Contraf-CUT<\/strong><\/p>\n<p>\u00a0<\/p>\n","protected":false},"excerpt":{"rendered":"<p>Banc\u00e1rios de todo o pa\u00eds realizaram manifesta\u00e7\u00f5es, nesta ter\u00e7a-feira (17), nas ag\u00eancias e departamentos administrativos da Caixa Econ\u00f4mica Federal. Os protestos ocorreram devido ao n\u00e3o avan\u00e7o das negocia\u00e7\u00f5es com o banco para a renova\u00e7\u00e3o do Acordo Coletivo de Trabalho (ACT) espec\u00edfico do plano de sa\u00fade das empregadas e empregados do banco, o Sa\u00fade Caixa. A [&hellip;]<\/p>\n","protected":false},"author":2,"featured_media":14638,"comment_status":"","ping_status":"","sticky":false,"template":"","format":"standard","meta":{"footnotes":""},"categories":[3],"tags":[],"class_list":["post-14639","post","type-post","status-publish","format-standard","has-post-thumbnail","hentry","category-noticias"],"_links":{"self":[{"href":"https:\/\/hostnetart.com.br\/baixada\/wp-json\/wp\/v2\/posts\/14639","targetHints":{"allow":["GET"]}}],"collection":[{"href":"https:\/\/hostnetart.com.br\/baixada\/wp-json\/wp\/v2\/posts"}],"about":[{"href":"https:\/\/hostnetart.com.br\/baixada\/wp-json\/wp\/v2\/types\/post"}],"author":[{"embeddable":true,"href":"https:\/\/hostnetart.com.br\/baixada\/wp-json\/wp\/v2\/users\/2"}],"replies":[{"embeddable":true,"href":"https:\/\/hostnetart.com.br\/baixada\/wp-json\/wp\/v2\/comments?post=14639"}],"version-history":[{"count":0,"href":"https:\/\/hostnetart.com.br\/baixada\/wp-json\/wp\/v2\/posts\/14639\/revisions"}],"wp:featuredmedia":[{"embeddable":true,"href":"https:\/\/hostnetart.com.br\/baixada\/wp-json\/wp\/v2\/media\/14638"}],"wp:attachment":[{"href":"https:\/\/hostnetart.com.br\/baixada\/wp-json\/wp\/v2\/media?parent=14639"}],"wp:term":[{"taxonomy":"category","embeddable":true,"href":"https:\/\/hostnetart.com.br\/baixada\/wp-json\/wp\/v2\/categories?post=14639"},{"taxonomy":"post_tag","embeddable":true,"href":"https:\/\/hostnetart.com.br\/baixada\/wp-json\/wp\/v2\/tags?post=14639"}],"curies":[{"name":"wp","href":"https:\/\/api.w.org\/{rel}","templated":true}]}}