{"id":14635,"date":"2023-10-16T21:23:31","date_gmt":"2023-10-17T00:23:31","guid":{"rendered":"https:\/\/hostnetart.com.br\/baixada\/fenae-e-apcefs-iniciam-pesquisa-sobre-assedio-na-caixa\/"},"modified":"2023-10-16T21:23:31","modified_gmt":"2023-10-17T00:23:31","slug":"fenae-e-apcefs-iniciam-pesquisa-sobre-assedio-na-caixa","status":"publish","type":"post","link":"https:\/\/hostnetart.com.br\/baixada\/fenae-e-apcefs-iniciam-pesquisa-sobre-assedio-na-caixa\/","title":{"rendered":"Fenae e Apcefs iniciam pesquisa sobre ass\u00e9dio na Caixa"},"content":{"rendered":"<p>A pesquisa sobre ass\u00e9dio faz parte da campanha \u201cVamos falar sobre ass\u00e9dio?\u201d que a Federa\u00e7\u00e3o Nacional das Associa\u00e7\u00f5es do Pessoal da Caixa (Fenae) e as Associa\u00e7\u00f5es do Pessoal da Caixa (Apcefs) lan\u00e7aram em 29 de setembro, com objetivo de conscientizar os empregados da Caixa sobre o tema, a preven\u00e7\u00e3o e o combate a todas as formas de ass\u00e9dio.\u00a0<a href=\"https:\/\/www.fenae.org.br\/portal\/fenae-portal\/assedio-moral-no-trabalho-voce-sabe-como-identificar-essa-pratica-abusiva.htm\" target=\"_blank\" rel=\"noopener noreferrer\">Saiba mais sobre a campanha<\/a>!<\/p>\n<p>\u201cUma pesquisa que fizemos em 2021 sobre sa\u00fade do empregado Caixa, entre outros aspectos, j\u00e1 apontava para a influ\u00eancia do ass\u00e9dio no agravamento dos problemas de sa\u00fade dos trabalhadores, sobretudo as doen\u00e7as mentais. Seis em cada 10 empregados da Caixa relataram j\u00e1 ter sofrido ass\u00e9dio moral no ambiente de trabalho. As entidades representativas t\u00eam cobrado a puni\u00e7\u00e3o dos respons\u00e1veis e medidas de preven\u00e7\u00e3o e enfrentamento ao ass\u00e9dio moral e sexual no banco\u201d, diz Sergio Takemoto, presidente da Fenae.<\/p>\n<p>A \u201cPesquisa de opini\u00e3o sobre viol\u00eancia e ass\u00e9dios no ambiente de trabalho\u201d, ser\u00e1 realizada a partir desta sexta (13). As empregadas e empregados receber\u00e3o e-mail, explicando os objetivos da pesquisa e onde s\u00e3o convidados a acessar o link para responder um question\u00e1rio.<\/p>\n<p>As respostas ser\u00e3o usadas apenas para orientar a\u00e7\u00f5es de melhoria das rela\u00e7\u00f5es e condi\u00e7\u00f5es de trabalho na Caixa e gerenciadas com absoluta confidencialidade, mantendo os dados n\u00e3o identific\u00e1veis em qualquer relat\u00f3rio.<\/p>\n<p>\u201cAs pr\u00e1ticas de ass\u00e9dios geram consequ\u00eancias de longo prazo, como constatamos nos crescentes n\u00fameros de afastamentos de nossos colegas, e s\u00e3o resultado de uma cultura que se instalou na empresa. Para romper este ciclo, \u00e9 necess\u00e1rio mapear a origem os problemas. Por isso, \u00e9 fundamental que todos respondam \u00e0 pesquisa, j\u00e1 que ela servir\u00e1 como importante subs\u00eddio para as propostas que encaminharemos \u00e0 empresa, que ter\u00e3o como objetivo propiciar um ambiente de trabalho seguro e saud\u00e1vel para os empregados \u201c, explica o diretor de Sa\u00fade e Previd\u00eancia da Fenae e presidente da Apcef\/SP, Leonardo Quadros.<\/p>\n<p>A consultora da Fenae para realiza\u00e7\u00e3o da pesquisa e mestre em pol\u00edticas p\u00fablicas e especialista em direitos humanos, Scarlett Rodrigues, considera que cada vez mais a pauta do ass\u00e9dio tem estado presente nas empresas, mas ainda de forma tardia. \u201cO tema s\u00f3 entra como prioridade a ser discutido e endere\u00e7ado quando algum comportamento grave que foi denunciado ganha propor\u00e7\u00f5es maiores na m\u00eddia e na sociedade\u201d, refor\u00e7a.<\/p>\n<p>Empregado Caixa, acesse o formul\u00e1rio da pesquisa:\u00a0<a href=\"http:\/\/www.fenae.org.br\/pesquisaassedio\" target=\"_blank\" rel=\"noopener noreferrer\">www.fenae.org.br\/pesquisaassedio<\/a><\/p>\n<p><strong>Leia tamb\u00e9m:<br \/>&gt;&gt;&gt;&gt;&gt;<\/strong>\u00a0<a href=\"https:\/\/contrafcut.com.br\/noticias\/assedio-sexual-vitimas-rompem-o-silencio-e-aumentam-denuncias\/?swcfpc=1\" target=\"_blank\" rel=\"noopener noreferrer\">Ass\u00e9dio sexual: v\u00edtimas rompem o sil\u00eancio e aumentam den\u00fancias<\/a><\/p>\n<p><strong>&gt;&gt;&gt;&gt;&gt;<\/strong>\u00a0<a href=\"https:\/\/contrafcut.com.br\/noticias\/assedio-moral-no-trabalho-voce-sabe-como-identificar-essa-pratica-abusiva\/?swcfpc=1\" target=\"_blank\" rel=\"noopener noreferrer\">Ass\u00e9dio moral no trabalho: voc\u00ea sabe como identificar essa pr\u00e1tica abusiva?<\/a><\/p>\n<h3><strong>Ass\u00e9dio sexual na Caixa<\/strong><\/h3>\n<p>Em 28 de junho de 2022, vieram \u00e0 tona den\u00fancias sobre ass\u00e9dio moral e sexual contra Pedro Guimar\u00e3es, na \u00e9poca presidente do banco. Em reportagem na imprensa, foram divulgados depoimentos de v\u00edtimas que acusaram Guimar\u00e3es de praticar as agress\u00f5es desde o primeiro ano de sua gest\u00e3o, em 2019.<\/p>\n<p>As banc\u00e1rias da Caixa, que trabalharam em equipes diretamente ligadas ao gabinete de Guimar\u00e3es, relataram toques em partes \u00edntimas sem consentimento, al\u00e9m de falas, abordagens e convites inconvenientes e desrespeitosos. Os casos de ass\u00e9dio teriam ocorrido durante atividades do programa Caixa Mais Brasil, realizadas em v\u00e1rias cidades do pa\u00eds.<\/p>\n<p>\u201cA den\u00fancia das empregadas foi fundamental para que o pa\u00eds tomasse conhecimento desses fatos grav\u00edssimo. Ass\u00e9dio sexual \u00e9 crime e n\u00e3o podemos ser coniventes com a impunidade\u201d, destacou Sergio Takemoto.<\/p>\n<p><strong>Fonte:<\/strong>\u00a0<a href=\"https:\/\/www.fenae.org.br\/portal\/fenae-portal\/fenae-e-apcefs-iniciam-pesquisa-sobre-assedio-na-caixa.htm\" target=\"_blank\" rel=\"noopener noreferrer\">Fenae<\/a><\/p>\n","protected":false},"excerpt":{"rendered":"<p>A pesquisa sobre ass\u00e9dio faz parte da campanha \u201cVamos falar sobre ass\u00e9dio?\u201d que a Federa\u00e7\u00e3o Nacional das Associa\u00e7\u00f5es do Pessoal da Caixa (Fenae) e as Associa\u00e7\u00f5es do Pessoal da Caixa (Apcefs) lan\u00e7aram em 29 de setembro, com objetivo de conscientizar os empregados da Caixa sobre o tema, a preven\u00e7\u00e3o e o combate a todas as [&hellip;]<\/p>\n","protected":false},"author":2,"featured_media":14634,"comment_status":"","ping_status":"","sticky":false,"template":"","format":"standard","meta":{"footnotes":""},"categories":[3],"tags":[],"class_list":["post-14635","post","type-post","status-publish","format-standard","has-post-thumbnail","hentry","category-noticias"],"_links":{"self":[{"href":"https:\/\/hostnetart.com.br\/baixada\/wp-json\/wp\/v2\/posts\/14635","targetHints":{"allow":["GET"]}}],"collection":[{"href":"https:\/\/hostnetart.com.br\/baixada\/wp-json\/wp\/v2\/posts"}],"about":[{"href":"https:\/\/hostnetart.com.br\/baixada\/wp-json\/wp\/v2\/types\/post"}],"author":[{"embeddable":true,"href":"https:\/\/hostnetart.com.br\/baixada\/wp-json\/wp\/v2\/users\/2"}],"replies":[{"embeddable":true,"href":"https:\/\/hostnetart.com.br\/baixada\/wp-json\/wp\/v2\/comments?post=14635"}],"version-history":[{"count":0,"href":"https:\/\/hostnetart.com.br\/baixada\/wp-json\/wp\/v2\/posts\/14635\/revisions"}],"wp:featuredmedia":[{"embeddable":true,"href":"https:\/\/hostnetart.com.br\/baixada\/wp-json\/wp\/v2\/media\/14634"}],"wp:attachment":[{"href":"https:\/\/hostnetart.com.br\/baixada\/wp-json\/wp\/v2\/media?parent=14635"}],"wp:term":[{"taxonomy":"category","embeddable":true,"href":"https:\/\/hostnetart.com.br\/baixada\/wp-json\/wp\/v2\/categories?post=14635"},{"taxonomy":"post_tag","embeddable":true,"href":"https:\/\/hostnetart.com.br\/baixada\/wp-json\/wp\/v2\/tags?post=14635"}],"curies":[{"name":"wp","href":"https:\/\/api.w.org\/{rel}","templated":true}]}}