{"id":14633,"date":"2023-10-13T14:37:26","date_gmt":"2023-10-13T17:37:26","guid":{"rendered":"https:\/\/hostnetart.com.br\/baixada\/santander-institucionaliza-assedio-moral\/"},"modified":"2023-10-13T14:37:26","modified_gmt":"2023-10-13T17:37:26","slug":"santander-institucionaliza-assedio-moral","status":"publish","type":"post","link":"https:\/\/hostnetart.com.br\/baixada\/santander-institucionaliza-assedio-moral\/","title":{"rendered":"Santander institucionaliza ass\u00e9dio moral"},"content":{"rendered":"<p>A vergonha acabou no Santander. Depois de in\u00fameras den\u00fancias de ass\u00e9dio moral efetuado por diferentes gestores em todo o Brasil, o Santander divulgou um v\u00eddeo institucional para a rede de ag\u00eancia escancarando \u00e0 m\u00e1 pr\u00e1tica.<\/p>\n<p>Na pe\u00e7a, o banco insinua a sexta-feira 13 como um dia de azar para os trabalhadores que n\u00e3o baterem as metas, em especial \u00e0queles que n\u00e3o dobrarem seus n\u00fameros, com os aceleradores dispon\u00edveis. \u201cCobramos o banco Santander para que reoriente os gestores e retire esse v\u00eddeo do aplicativo\u201d, afirmou Wanessa Queiroz, coordenadora da Comiss\u00e3o de Organiza\u00e7\u00e3o dos Empregados (COE) do Santander.<\/p>\n<p>Wanessa lembra que no Acordo Coletivo de Trabalho aditivo do banco h\u00e1 uma cl\u00e1usula de rela\u00e7\u00f5es laborais, que orienta os gestores sobre as boas pr\u00e1ticas. \u201cN\u00f3s repudiamos qualquer pol\u00edtica, qualquer comunicado, qualquer orienta\u00e7\u00e3o que indique uma pr\u00e1tica de ass\u00e9dio moral\u201d.<\/p>\n<p>A coordenadora destaca o quanto os trabalhadores t\u00eam sofrido com as cobran\u00e7as de metas abusivas. \u201cIsso tem impactado diretamente na sa\u00fade dos trabalhadores, com adoecimento f\u00edsico e mental. De acordo com a \u00faltima Consulta Nacional, realizada pela Contraf-CUT, 40% dos participantes alegam que fizeram use de rem\u00e9dios controlados nos \u00faltimos 12 meses\u201d, disse ao lembrar que no pr\u00f3ximo dia 26 est\u00e1 agendado uma reuni\u00e3o com o departamento de Rela\u00e7\u00f5es Sindicais do banco para tratar do tema. \u201cOs trabalhadores que sofrerem ass\u00e9dio moral, devem procurar os canais de den\u00fancias do sindicato de sua base. Ass\u00e9dio moral \u00e9 crime e gera adoecimento aos trabalhadores\u201d, alertou.<\/p>\n<p><b>Fonte: Contraf-CUT<\/b><\/p>\n","protected":false},"excerpt":{"rendered":"<p>A vergonha acabou no Santander. Depois de in\u00fameras den\u00fancias de ass\u00e9dio moral efetuado por diferentes gestores em todo o Brasil, o Santander divulgou um v\u00eddeo institucional para a rede de ag\u00eancia escancarando \u00e0 m\u00e1 pr\u00e1tica. Na pe\u00e7a, o banco insinua a sexta-feira 13 como um dia de azar para os trabalhadores que n\u00e3o baterem as [&hellip;]<\/p>\n","protected":false},"author":2,"featured_media":14632,"comment_status":"","ping_status":"","sticky":false,"template":"","format":"standard","meta":{"footnotes":""},"categories":[3],"tags":[],"class_list":["post-14633","post","type-post","status-publish","format-standard","has-post-thumbnail","hentry","category-noticias"],"_links":{"self":[{"href":"https:\/\/hostnetart.com.br\/baixada\/wp-json\/wp\/v2\/posts\/14633","targetHints":{"allow":["GET"]}}],"collection":[{"href":"https:\/\/hostnetart.com.br\/baixada\/wp-json\/wp\/v2\/posts"}],"about":[{"href":"https:\/\/hostnetart.com.br\/baixada\/wp-json\/wp\/v2\/types\/post"}],"author":[{"embeddable":true,"href":"https:\/\/hostnetart.com.br\/baixada\/wp-json\/wp\/v2\/users\/2"}],"replies":[{"embeddable":true,"href":"https:\/\/hostnetart.com.br\/baixada\/wp-json\/wp\/v2\/comments?post=14633"}],"version-history":[{"count":0,"href":"https:\/\/hostnetart.com.br\/baixada\/wp-json\/wp\/v2\/posts\/14633\/revisions"}],"wp:featuredmedia":[{"embeddable":true,"href":"https:\/\/hostnetart.com.br\/baixada\/wp-json\/wp\/v2\/media\/14632"}],"wp:attachment":[{"href":"https:\/\/hostnetart.com.br\/baixada\/wp-json\/wp\/v2\/media?parent=14633"}],"wp:term":[{"taxonomy":"category","embeddable":true,"href":"https:\/\/hostnetart.com.br\/baixada\/wp-json\/wp\/v2\/categories?post=14633"},{"taxonomy":"post_tag","embeddable":true,"href":"https:\/\/hostnetart.com.br\/baixada\/wp-json\/wp\/v2\/tags?post=14633"}],"curies":[{"name":"wp","href":"https:\/\/api.w.org\/{rel}","templated":true}]}}