{"id":14625,"date":"2023-10-11T13:34:00","date_gmt":"2023-10-11T16:34:00","guid":{"rendered":"https:\/\/hostnetart.com.br\/baixada\/apos-cobranca-de-funcionarios-bb-confirma-avanco-no-processo-de-revisao-da-pip\/"},"modified":"2023-10-11T13:34:00","modified_gmt":"2023-10-11T16:34:00","slug":"apos-cobranca-de-funcionarios-bb-confirma-avanco-no-processo-de-revisao-da-pip","status":"publish","type":"post","link":"https:\/\/hostnetart.com.br\/baixada\/apos-cobranca-de-funcionarios-bb-confirma-avanco-no-processo-de-revisao-da-pip\/","title":{"rendered":"Ap\u00f3s cobran\u00e7a de funcion\u00e1rios, BB confirma avan\u00e7o no processo de revis\u00e3o da PIP"},"content":{"rendered":"<p>A Comiss\u00e3o de Empresa dos Funcion\u00e1rios do Banco do Brasil (CEBB) se reuniu, nesta ter\u00e7a-feira (10), com representantes do BB para tratar da implementa\u00e7\u00e3o de novo crit\u00e9rio da Pontua\u00e7\u00e3o Individual do Participante (PIP), sistema de c\u00e1lculos usado na Caixa de Previd\u00eancia dos Funcion\u00e1rios do Banco do Brasil (Previ).<\/p>\n<p>Os representantes da empresa disseram que o Conselho Diretor do banco ir\u00e1 deliberar sobre a tabela PIP ainda no m\u00eas de outubro. Depois dessa fase, passar\u00e1 para avalia\u00e7\u00e3o no Conselho Administrativo, na Secretaria de Coordena\u00e7\u00e3o e Governan\u00e7a das Empresas Estatais (Sest) e nas inst\u00e2ncias internas da Previ. Por fim, e antes de ser implementada, a mudan\u00e7a da tabela ser\u00e1 submetida \u00e0 Superintend\u00eancia Nacional de Previd\u00eancia Complementar (Previc), entidade p\u00fablica respons\u00e1vel por gerenciar as operadoras de previd\u00eancia privada no pa\u00eds.<\/p>\n<p>A revis\u00e3o da tabela PIP \u00e9 uma antiga reivindica\u00e7\u00e3o dos trabalhadores, que impacta na contribui\u00e7\u00e3o adicional, conhecida como 2B, e que pode variar de 1% a 10% do sal\u00e1rio de participa\u00e7\u00e3o dos associados do Previ Futuro, com o BB contribuindo com o mesmo percentual que o participante. A 2B aumenta \u00e0 medida que o funcion\u00e1rio evolui em sua carreira.<\/p>\n<p>Desde que o plano Previ Futuro foi criado, em 1998, n\u00e3o houve altera\u00e7\u00e3o da metodologia de c\u00e1lculo da PIP, mesmo ap\u00f3s v\u00e1rias altera\u00e7\u00f5es nos planos de cargos e sal\u00e1rios. Isso explica por que, at\u00e9 o momento, apenas executivos com altos sal\u00e1rios t\u00eam conseguido obter 10% na parte 2B.<\/p>\n<p>\u201cPassou um ano desde que o banco nos apresentou, em mesa de negocia\u00e7\u00e3o, a proposta de melhorias no crit\u00e9rio de c\u00e1lculo PIP, que permite aos trabalhadores do BB, associados ao plano Previ Futuro, somarem mais recursos \u00e0 aposentadoria. Ou seja, a melhoria de c\u00e1lculo da PIP significa uma melhora substancial no benef\u00edcio dos aposentados do plano Previ Futuro. Portanto, cada m\u00eas sem a entrega da revis\u00e3o da PIP \u00e9 um m\u00eas em que os associados est\u00e3o sendo prejudicados\u201d, explica a coordenadora da CEBB, Fernanda Lopes.<\/p>\n<p>No encontro desta ter\u00e7a, o movimento sindical exigiu que, no processo de revis\u00e3o da tabela PIP, todo o corpo de funcion\u00e1rios seja contemplado. \u201cEu tenho 15 anos de banco e durante todo esse per\u00edodo s\u00f3 obtive aumento de 2 pontos, praticamente\u201d, exemplificou Fernanda Lopes.<\/p>\n<p>Os representantes do banco afirmaram que a expectativa \u00e9 que ocorra uma amplia\u00e7\u00e3o da base de funcion\u00e1rios que ser\u00e3o beneficiados significativamente com a mudan\u00e7a na tabela PIP, para que mais associados da Previ tenham oportunidade de realizar contribui\u00e7\u00f5es adicionais superiores e, desta forma, aumentar suas chances de engordar a aposentadoria no futuro.<\/p>\n<p>\u201cH\u00e1 uma grande preocupa\u00e7\u00e3o, principalmente dos funcion\u00e1rios da base da pir\u00e2mide, como os escritur\u00e1rios, que s\u00e3o os mais prejudicados com o atual sistema de pontua\u00e7\u00e3o. Da forma como est\u00e1 hoje a PIP, eles ter\u00e3o dificuldade na preserva\u00e7\u00e3o do valor de seus sal\u00e1rios, quando chegar a aposentadoria\u201d, destacou o representante da Federa\u00e7\u00e3o dos Empregados em Estabelecimentos Banc\u00e1rios dos Estados da Bahia e Sergipe (Feeb BA\/SE) na CEBB, Fabio Ledo.<\/p>\n<p><strong>Fonte: Contraf-CUT<\/strong><\/p>\n","protected":false},"excerpt":{"rendered":"<p>A Comiss\u00e3o de Empresa dos Funcion\u00e1rios do Banco do Brasil (CEBB) se reuniu, nesta ter\u00e7a-feira (10), com representantes do BB para tratar da implementa\u00e7\u00e3o de novo crit\u00e9rio da Pontua\u00e7\u00e3o Individual do Participante (PIP), sistema de c\u00e1lculos usado na Caixa de Previd\u00eancia dos Funcion\u00e1rios do Banco do Brasil (Previ). Os representantes da empresa disseram que o [&hellip;]<\/p>\n","protected":false},"author":2,"featured_media":14624,"comment_status":"","ping_status":"","sticky":false,"template":"","format":"standard","meta":{"footnotes":""},"categories":[3],"tags":[],"class_list":["post-14625","post","type-post","status-publish","format-standard","has-post-thumbnail","hentry","category-noticias"],"_links":{"self":[{"href":"https:\/\/hostnetart.com.br\/baixada\/wp-json\/wp\/v2\/posts\/14625","targetHints":{"allow":["GET"]}}],"collection":[{"href":"https:\/\/hostnetart.com.br\/baixada\/wp-json\/wp\/v2\/posts"}],"about":[{"href":"https:\/\/hostnetart.com.br\/baixada\/wp-json\/wp\/v2\/types\/post"}],"author":[{"embeddable":true,"href":"https:\/\/hostnetart.com.br\/baixada\/wp-json\/wp\/v2\/users\/2"}],"replies":[{"embeddable":true,"href":"https:\/\/hostnetart.com.br\/baixada\/wp-json\/wp\/v2\/comments?post=14625"}],"version-history":[{"count":0,"href":"https:\/\/hostnetart.com.br\/baixada\/wp-json\/wp\/v2\/posts\/14625\/revisions"}],"wp:featuredmedia":[{"embeddable":true,"href":"https:\/\/hostnetart.com.br\/baixada\/wp-json\/wp\/v2\/media\/14624"}],"wp:attachment":[{"href":"https:\/\/hostnetart.com.br\/baixada\/wp-json\/wp\/v2\/media?parent=14625"}],"wp:term":[{"taxonomy":"category","embeddable":true,"href":"https:\/\/hostnetart.com.br\/baixada\/wp-json\/wp\/v2\/categories?post=14625"},{"taxonomy":"post_tag","embeddable":true,"href":"https:\/\/hostnetart.com.br\/baixada\/wp-json\/wp\/v2\/tags?post=14625"}],"curies":[{"name":"wp","href":"https:\/\/api.w.org\/{rel}","templated":true}]}}