{"id":14621,"date":"2023-10-10T16:24:09","date_gmt":"2023-10-10T19:24:09","guid":{"rendered":"https:\/\/hostnetart.com.br\/baixada\/vigilancia-e-acolhimento-dos-trabalhadores-serao-os-temas-da-ultima-etapa-do-curso-de-saude\/"},"modified":"2023-10-10T16:24:09","modified_gmt":"2023-10-10T19:24:09","slug":"vigilancia-e-acolhimento-dos-trabalhadores-serao-os-temas-da-ultima-etapa-do-curso-de-saude","status":"publish","type":"post","link":"https:\/\/hostnetart.com.br\/baixada\/vigilancia-e-acolhimento-dos-trabalhadores-serao-os-temas-da-ultima-etapa-do-curso-de-saude\/","title":{"rendered":"Vigil\u00e2ncia e acolhimento dos trabalhadores ser\u00e3o os temas da \u00faltima etapa do Curso de Sa\u00fade"},"content":{"rendered":"<p>O quarto m\u00f3dulo do Curso de Vigil\u00e2ncia e Aten\u00e7\u00e3o \u00e0 Sa\u00fade do Trabalhador, promovido pela Confedera\u00e7\u00e3o Nacional dos Trabalhadores do Ramo Financeiro (Contraf-CUT), ser\u00e1 realizado presencialmente, em S\u00e3o Paulo, nos pr\u00f3ximos dias 19 e 20 de outubro. O objetivo do curso foi o aprimoramento da forma\u00e7\u00e3o de dirigentes sindicais da categoria nos temas de sa\u00fade dos trabalhadores e seus desdobramentos. As duas \u00faltimas aulas ser\u00e3o sobre \u201cVigil\u00e2ncia em A\u00e7\u00e3o\u201d e \u201cAcolhimento dos Trabalhadores\u201d.<\/p>\n<p>O secret\u00e1rio de Forma\u00e7\u00e3o da Contraf-CUT, Rafael Zanon, destacou a import\u00e2ncia da participa\u00e7\u00e3o de dirigentes e profissionais da sa\u00fade do movimento sindical do ramo financeiro. \u201cO curso ajuda os participantes a sistematizarem o conhecimento produzido tanto pelo sindicato como por outras entidades que trabalham na luta pelo direito de sa\u00fade dos trabalhadores. Com a participa\u00e7\u00e3o de estudiosos no tema, n\u00f3s estamos construindo coletivamente esse conte\u00fado para melhorar cada vez mais a atua\u00e7\u00e3o dos sindicatos na prote\u00e7\u00e3o \u00e0 sa\u00fade do trabalhador\u201d.<\/p>\n<p>Para Mauro Salles, secret\u00e1rio de Sa\u00fade da Contraf-CUT, \u00e0 medida em que o curso avan\u00e7ou, os dirigentes participantes adquiriram conhecimentos que fortalecem suas habilidades individuais no trabalho para garantir um ambiente de trabalho mais seguro e saud\u00e1vel nos bancos. \u201cBuscaremos neste m\u00f3dulo construir coletivamente uma metodologia de vigil\u00e2ncia dos locais de trabalho dos bancos. Tamb\u00e9m queremos construir um modelo referencial de atendimento e encaminhamento de den\u00fancias por parte dos banc\u00e1rios.\u201d\u00a0<\/p>\n<h3>Vigil\u00e2ncia em sa\u00fade do trabalhador<\/h3>\n<p><a href=\"https:\/\/contrafcut.com.br\/noticias\/contraf-cut-inicia-curso-de-vigilancia-e-atencao-a-saude-dos-trabalhadores\/?swcfpc=1\">A m\u00e9dica e pesquisadora da Funda\u00e7\u00e3o Jorge Duprat Figueiredo de Seguran\u00e7a e Medicina do Trabalho, Maria Maeno, conduziu as reflex\u00f5es sobre vigil\u00e2ncia em sa\u00fade do trabalhador na primeira aula do curso, realizada presencialmente, no dia 28 de junho, em S\u00e3o Paulo<\/a>. \u201cOs dirigentes sindicais s\u00e3o a grande refer\u00eancia para os trabalhadores em geral. Se eles n\u00e3o tiverem uma boa forma\u00e7\u00e3o, souberem onde estamos, como estamos e para onde e como queremos chegar, eles acabam sendo uma refer\u00eancia parcial. Existem v\u00e1rios conceitos e acontecimentos passados que precisam ser conhecidos. Pois muita coisa que est\u00e1 acontecendo agora j\u00e1 aconteceu no passado, e se os conhecerem, eles saber\u00e3o como se prevenir dos desvios que podem ocorrer contra os interesses coletivos dos trabalhadores\u201d.<\/p>\n<h3>Sa\u00fade no trabalho banc\u00e1rio<\/h3>\n<p><a href=\"https:\/\/contrafcut.com.br\/noticias\/curso-aborda-vigilancia-e-atencao-a-saude-do-trabalhador-no-ramo-financeiro\/?swcfpc=1\">A segunda aula do teve como tema central a sa\u00fade no contexto do trabalho banc\u00e1rio. Ministrada pelo psic\u00f3logo Andr\u00e9 Guerra, doutor e mestre em Psicologia Social e Institucional, a aula tamb\u00e9m foi presencial, em S\u00e3o Paulo, no dia 29 de junho<\/a>. O evento promoveu uma reflex\u00e3o sobre os desafios enfrentados pelos trabalhadores no ambiente banc\u00e1rio e a import\u00e2ncia da sa\u00fade f\u00edsica e mental nesse contexto. O palestrante destacou a necessidade de uma aten\u00e7\u00e3o especial \u00e0 sa\u00fade dos trabalhadores banc\u00e1rios, que est\u00e3o sujeitos a diversas press\u00f5es e demandas no seu dia a dia. Foram abordados temas como estresse, sobrecarga de trabalho, ass\u00e9dio moral e suas consequ\u00eancias para a sa\u00fade f\u00edsica e emocional dos profissionais.<\/p>\n<h3>SUS<\/h3>\n<p><a href=\"https:\/\/contrafcut.com.br\/noticias\/curso-aborda-avancos-da-vigilancia-e-atencao-a-saude-do-trabalhador-no-setor-financeiro\/?swcfpc=1\">O terceiro m\u00f3dulo trouxe \u00e0 discuss\u00e3o temas fundamentais relacionados ao Sistema \u00danico de Sa\u00fade (SUS), normas trabalhistas e a Conven\u00e7\u00e3o Coletiva de Trabalho (CCT) espec\u00edfica do setor financeiro<\/a>. A aula, conduzida remotamente por meio da plataforma de videoconfer\u00eancia Zoom, contou com a expertise de Luciana Barretto, mestranda do Instituto de Economia da Unicamp e integrante do escrit\u00f3rio LBS Advogadas e Advogados, no dia 23 de agosto.<\/p>\n<p><strong>Fonte: Contraf-CUT<\/strong><\/p>\n","protected":false},"excerpt":{"rendered":"<p>O quarto m\u00f3dulo do Curso de Vigil\u00e2ncia e Aten\u00e7\u00e3o \u00e0 Sa\u00fade do Trabalhador, promovido pela Confedera\u00e7\u00e3o Nacional dos Trabalhadores do Ramo Financeiro (Contraf-CUT), ser\u00e1 realizado presencialmente, em S\u00e3o Paulo, nos pr\u00f3ximos dias 19 e 20 de outubro. O objetivo do curso foi o aprimoramento da forma\u00e7\u00e3o de dirigentes sindicais da categoria nos temas de sa\u00fade [&hellip;]<\/p>\n","protected":false},"author":2,"featured_media":14620,"comment_status":"","ping_status":"","sticky":false,"template":"","format":"standard","meta":{"footnotes":""},"categories":[3],"tags":[],"class_list":["post-14621","post","type-post","status-publish","format-standard","has-post-thumbnail","hentry","category-noticias"],"_links":{"self":[{"href":"https:\/\/hostnetart.com.br\/baixada\/wp-json\/wp\/v2\/posts\/14621","targetHints":{"allow":["GET"]}}],"collection":[{"href":"https:\/\/hostnetart.com.br\/baixada\/wp-json\/wp\/v2\/posts"}],"about":[{"href":"https:\/\/hostnetart.com.br\/baixada\/wp-json\/wp\/v2\/types\/post"}],"author":[{"embeddable":true,"href":"https:\/\/hostnetart.com.br\/baixada\/wp-json\/wp\/v2\/users\/2"}],"replies":[{"embeddable":true,"href":"https:\/\/hostnetart.com.br\/baixada\/wp-json\/wp\/v2\/comments?post=14621"}],"version-history":[{"count":0,"href":"https:\/\/hostnetart.com.br\/baixada\/wp-json\/wp\/v2\/posts\/14621\/revisions"}],"wp:featuredmedia":[{"embeddable":true,"href":"https:\/\/hostnetart.com.br\/baixada\/wp-json\/wp\/v2\/media\/14620"}],"wp:attachment":[{"href":"https:\/\/hostnetart.com.br\/baixada\/wp-json\/wp\/v2\/media?parent=14621"}],"wp:term":[{"taxonomy":"category","embeddable":true,"href":"https:\/\/hostnetart.com.br\/baixada\/wp-json\/wp\/v2\/categories?post=14621"},{"taxonomy":"post_tag","embeddable":true,"href":"https:\/\/hostnetart.com.br\/baixada\/wp-json\/wp\/v2\/tags?post=14621"}],"curies":[{"name":"wp","href":"https:\/\/api.w.org\/{rel}","templated":true}]}}