{"id":14614,"date":"2023-10-09T14:42:48","date_gmt":"2023-10-09T17:42:48","guid":{"rendered":"https:\/\/hostnetart.com.br\/baixada\/sindicato-lamenta-a-morte-de-dom-mauro-morelli\/"},"modified":"2023-10-09T14:42:48","modified_gmt":"2023-10-09T17:42:48","slug":"sindicato-lamenta-a-morte-de-dom-mauro-morelli","status":"publish","type":"post","link":"https:\/\/hostnetart.com.br\/baixada\/sindicato-lamenta-a-morte-de-dom-mauro-morelli\/","title":{"rendered":"Sindicato lamenta a morte de Dom Mauro Morelli"},"content":{"rendered":"<p>O Sindicato dos Banc\u00e1rios da Baixada Fluminense lamenta profundamente a morte do bispo em\u00e9rito de Duque de Caxias, Dom Mauro Morelli.<\/p>\n<div id=\"chunk-785h3\">\n<div class=\"mc-column content-text active-extra-styles \" data-block-type=\"unstyled\" data-block-weight=\"34\" data-block-id=\"3\">\n<p class=\" content-text__container \" data-track-category=\"Link no Texto\" data-track-links=\"\">Dom Mauro Morelli morreu na madrugada desta segunda-feira (9). Dom Morelli faleceu aos 88 de idade em Belo Horizonte, Minas Gerais, onde estava internado nos \u00faltimos dias.<\/p>\n<\/div>\n<\/div>\n<div class=\"wall protected-content\">\n<div id=\"chunk-dpc94\">\n<div class=\"mc-column content-text active-extra-styles \" data-block-type=\"unstyled\" data-block-weight=\"26\" data-block-id=\"4\">\n<p class=\" content-text__container \" data-track-category=\"Link no Texto\" data-track-links=\"\">Dom Mauro foi ordenado sacerdote em 28 de abril de 1965, e em 1974 foi nomeado bispo auxiliar de S\u00e3o Paulo pelo Papa Paulo VI.<\/p>\n<\/div>\n<\/div>\n<div id=\"chunk-3mnuu\">\n<div class=\"mc-column content-text active-extra-styles \" data-block-type=\"unstyled\" data-block-weight=\"44\" data-block-id=\"5\">\n<p class=\" content-text__container \" data-track-category=\"Link no Texto\" data-track-links=\"\">Durante sua trajet\u00f3ria no episcopado, ele foi vig\u00e1rio geral da arquidiocese de S\u00e3o Paulo e membro da Comiss\u00e3o Representativa da Confer\u00eancia Nacional dos Bispos do Brasil. Exerceu o bispado em Duque de Caxias de 1981 a 2005, quando pediu a ren\u00fancia do minist\u00e9rio.<\/p>\n<p class=\" content-text__container \" data-track-category=\"Link no Texto\" data-track-links=\"\">Marcelo Silva, diretor do Sindicato, comentou: \u201cDom Mauro encarnava uma vis\u00e3o de Igreja onde o crist\u00e3o, para al\u00e9m dos limites f\u00edsicos dos templos, deveria atuar na sociedade, anunciando o que \u00e9 do Reino e denunciando o que n\u00e3o \u00e9. Estimulava a participa\u00e7\u00e3o crist\u00e3, nas entidades da sociedade civil organizada: sindicatos; associa\u00e7\u00e3o de moradores; conselhos de direitos nas diversas esferas do Poder Executivo. Por diversas vezes, abriu as portas para o Sindicato dos Banc\u00e1rios da Baixada Fluminense &#8211; \u00e0 exemplo do que fazia a todas organiza\u00e7\u00f5es de trabalhadores e trabalhadoras &#8211; para a realiza\u00e7\u00e3o das grandes assembleias desde o in\u00edcio da d\u00e9cada de 1980, marcada pelo processo de conquista e reabertura democr\u00e1tica e supera\u00e7\u00e3o da ditadura civil\/militar entre os anos de 1964 e 1985. DOM MAURO MORELLI: PRESENTE!\u201d.<\/p>\n<\/div>\n<\/div>\n<div id=\"chunk-b5emr\">\n<div class=\"mc-column content-text active-extra-styles \" data-block-type=\"unstyled\" data-block-weight=\"16\" data-block-id=\"6\">\n<p class=\" content-text__container \" data-track-category=\"Link no Texto\" data-track-links=\"\">Em nota, a Diocese de Duque de Caxias, lamentou o falecimento do primeiro bispo da Diocese.<\/p>\n<\/div>\n<\/div>\n<div id=\"chunk-d4ltq\">\n<div class=\"mc-column content-text active-extra-styles \" data-block-type=\"unstyled\" data-block-weight=\"78\" data-block-id=\"7\">\n<p class=\" content-text__container \" data-track-category=\"Link no Texto\" data-track-links=\"\">&#8220;Neste momento de dor e pesar, como Igreja Diocesana presente em Duque de Caxias e S\u00e3o Jo\u00e3o de Meriti, recorremos \u00e0 prote\u00e7\u00e3o materna da Virgem Senhora do Pilar. Desejamos, ao perceber os sinais de esperan\u00e7a, expressar nosso louvor ao Deus s\u00e1bio, amoroso e misericordioso que nos concedeu a gra\u00e7a de ter dom Mauro Morelli como nosso primeiro pastor. Com confian\u00e7a na ressurrei\u00e7\u00e3o, proclamamos em uma s\u00f3 voz: Vem, Senhor Jesus! Descanse em paz, dom Mauro!&#8221;, diz a nota.\u00a0<\/p>\n<\/div>\n<\/div>\n<\/div>\n<p>O Sindicato presta solidariedade \u00e0 fam\u00edlia, amigos e colegas neste momento de profunda dor.<\/p>\n<p>Dom Mauro Morelli, presente!<\/p>\n<p>*<i>com informa\u00e7\u00f5es do G1<\/i><\/p>\n","protected":false},"excerpt":{"rendered":"<p>O Sindicato dos Banc\u00e1rios da Baixada Fluminense lamenta profundamente a morte do bispo em\u00e9rito de Duque de Caxias, Dom Mauro Morelli. Dom Mauro Morelli morreu na madrugada desta segunda-feira (9). Dom Morelli faleceu aos 88 de idade em Belo Horizonte, Minas Gerais, onde estava internado nos \u00faltimos dias. Dom Mauro foi ordenado sacerdote em 28 [&hellip;]<\/p>\n","protected":false},"author":2,"featured_media":14613,"comment_status":"","ping_status":"","sticky":false,"template":"","format":"standard","meta":{"footnotes":""},"categories":[3],"tags":[],"class_list":["post-14614","post","type-post","status-publish","format-standard","has-post-thumbnail","hentry","category-noticias"],"_links":{"self":[{"href":"https:\/\/hostnetart.com.br\/baixada\/wp-json\/wp\/v2\/posts\/14614","targetHints":{"allow":["GET"]}}],"collection":[{"href":"https:\/\/hostnetart.com.br\/baixada\/wp-json\/wp\/v2\/posts"}],"about":[{"href":"https:\/\/hostnetart.com.br\/baixada\/wp-json\/wp\/v2\/types\/post"}],"author":[{"embeddable":true,"href":"https:\/\/hostnetart.com.br\/baixada\/wp-json\/wp\/v2\/users\/2"}],"replies":[{"embeddable":true,"href":"https:\/\/hostnetart.com.br\/baixada\/wp-json\/wp\/v2\/comments?post=14614"}],"version-history":[{"count":0,"href":"https:\/\/hostnetart.com.br\/baixada\/wp-json\/wp\/v2\/posts\/14614\/revisions"}],"wp:featuredmedia":[{"embeddable":true,"href":"https:\/\/hostnetart.com.br\/baixada\/wp-json\/wp\/v2\/media\/14613"}],"wp:attachment":[{"href":"https:\/\/hostnetart.com.br\/baixada\/wp-json\/wp\/v2\/media?parent=14614"}],"wp:term":[{"taxonomy":"category","embeddable":true,"href":"https:\/\/hostnetart.com.br\/baixada\/wp-json\/wp\/v2\/categories?post=14614"},{"taxonomy":"post_tag","embeddable":true,"href":"https:\/\/hostnetart.com.br\/baixada\/wp-json\/wp\/v2\/tags?post=14614"}],"curies":[{"name":"wp","href":"https:\/\/api.w.org\/{rel}","templated":true}]}}