{"id":14612,"date":"2023-10-06T20:25:41","date_gmt":"2023-10-06T23:25:41","guid":{"rendered":"https:\/\/hostnetart.com.br\/baixada\/inscricoes-abertas-para-o-vii-forum-nacional-pela-visibilidade-negra-no-sistema-financeiro\/"},"modified":"2023-10-06T20:25:41","modified_gmt":"2023-10-06T23:25:41","slug":"inscricoes-abertas-para-o-vii-forum-nacional-pela-visibilidade-negra-no-sistema-financeiro","status":"publish","type":"post","link":"https:\/\/hostnetart.com.br\/baixada\/inscricoes-abertas-para-o-vii-forum-nacional-pela-visibilidade-negra-no-sistema-financeiro\/","title":{"rendered":"Inscri\u00e7\u00f5es abertas para o VII F\u00f3rum Nacional pela Visibilidade Negra no Sistema Financeiro"},"content":{"rendered":"<p>A Confedera\u00e7\u00e3o Nacional dos Trabalhadores do Ramo Financeiro (Contraf-CUT) realizar\u00e1, nos dias 10 e 11 de novembro, o VII F\u00f3rum Nacional pela Visibilidade Negra no Sistema Financeiro. O evento ser\u00e1 em Porto Alegre, capital do Rio Grande do Sul, e as inscri\u00e7\u00f5es j\u00e1 est\u00e3o abertas (<strong><a href=\"https:\/\/forms.gle\/uW2xe2En6uso87Nz6\" target=\"_blank\" rel=\"noopener noreferrer\">clique aqui<\/a><\/strong>).<\/p>\n<p>\u201cNo VII F\u00f3rum Nacional pela Visibilidade Negra no Sistema Financeiro, vamos discutir o racismo na sociedade e seus reflexos no mercado de trabalho, como sempre fizemos nas edi\u00e7\u00f5es anteriores\u201d, explica o secret\u00e1rio de Combate ao Racismo da Contraf-CUT, Almir Aguiar. A programa\u00e7\u00e3o completa ser\u00e1 divulgada nos pr\u00f3ximos dias.<\/p>\n<p>Almir explica que o principal objetivo do evento \u00e9 fortalecer o debate sobre as quest\u00f5es raciais e as formas de atua\u00e7\u00e3o sindical para ampliar o n\u00famero de negras e negros na categoria banc\u00e1ria. \u201cO f\u00f3rum tamb\u00e9m \u00e9 parte importante da luta do movimento negro, para que todos os trabalhadores dos mais diversos segmentos tenham oportunidade de acesso ao emprego e sal\u00e1rio justo, da luta contra o racismo no trabalho e na vida\u201d, disse.<\/p>\n<h3>Saiba mais<\/h3>\n<p><strong>VII S\u00e9timo F\u00f3rum Nacional pela Visibilidade Negra no Sistema Financeiro<\/strong><br \/><strong>Quando<\/strong>: 10 e 11 de novembro<br \/><strong>Onde<\/strong>: Sindicato dos Banc\u00e1rios de Porto Alegre e Regi\u00e3o<br \/><strong>Endere\u00e7o<\/strong>: Rua General C\u00e2mara, 424, Porto Alegre\/RS<br \/><strong>Link para inscri\u00e7\u00f5es<\/strong>: <a href=\"https:\/\/forms.gle\/uW2xe2En6uso87Nz6\" target=\"_blank\" rel=\"noopener noreferrer\">https:\/\/forms.gle\/uW2xe2En6uso87Nz6<\/a><\/p>\n<h3>Entenda<\/h3>\n<p>Enquanto 57% da popula\u00e7\u00e3o brasileira \u00e9 formada por negras e negros, a categoria banc\u00e1ria tem apenas 23,6% desse segmento em seus quadros. J\u00e1 a parcela de brancos e brancas \u00e9 de 72,6%. A remunera\u00e7\u00e3o da mulher preta banc\u00e1ria \u00e9, em m\u00e9dia, 40,6% menor que a do banc\u00e1rio homem branco. As informa\u00e7\u00f5es foram sistematizadas pela Rede Banc\u00e1rios do Departamento Intersindical de Estat\u00edstica e Estudos Socioecon\u00f4micos (Dieese), com base em dados do IBGE e do Minist\u00e9rio do Trabalho. <a href=\"https:\/\/contrafcut.com.br\/wp-content\/uploads\/2023\/09\/discriminacao-racialno-sistema-financeiro.pdf?swcfpc=1\" target=\"_blank\" rel=\"noopener noreferrer\">Veja o estudo completo aqui<\/a>.<\/p>\n<p>Na sociedade, a viol\u00eancia tamb\u00e9m reflete o racismo estrutural no Brasil. <a href=\"https:\/\/contrafcut.com.br\/noticias\/anuario-mostra-violencia-maior-contra-negros-mulheres-e-criancas\/\" target=\"_blank\" rel=\"noopener noreferrer\">Conforme dados do Anu\u00e1rio Brasileiro de Seguran\u00e7a P\u00fablica<\/a> de 2022, nesse ano, das 47.508 mortes violentas no pa\u00eds, 76,9% das v\u00edtimas eram pessoas negras e 50,2% tinham entre 12 e 29 anos. Dos 1.437 feminic\u00eddios, 61,1% foram cometidos contra mulheres negras e 71,9% contra mulheres entre 18 e 44 anos.<\/p>\n<p>\u201cEsses n\u00fameros s\u00e3o absurdos, pois mostram uma sociedade muito violenta e perigosa para todas as pessoas, mas principalmente para a juventude e a popula\u00e7\u00e3o negra\u201d, avalia Almir. \u201cSeja nas ruas, em casa ou no trabalho, temos que quebrar essa rotina de discrimina\u00e7\u00e3o, para termos uma sociedade mais justa e humana\u201d, pontua o secret\u00e1rio de Combate ao Racismo da Contraf-CUT.<\/p>\n<p><strong>Fonte: Contraf-CUT<\/strong><\/p>\n","protected":false},"excerpt":{"rendered":"<p>A Confedera\u00e7\u00e3o Nacional dos Trabalhadores do Ramo Financeiro (Contraf-CUT) realizar\u00e1, nos dias 10 e 11 de novembro, o VII F\u00f3rum Nacional pela Visibilidade Negra no Sistema Financeiro. O evento ser\u00e1 em Porto Alegre, capital do Rio Grande do Sul, e as inscri\u00e7\u00f5es j\u00e1 est\u00e3o abertas (clique aqui). \u201cNo VII F\u00f3rum Nacional pela Visibilidade Negra no [&hellip;]<\/p>\n","protected":false},"author":2,"featured_media":14611,"comment_status":"","ping_status":"","sticky":false,"template":"","format":"standard","meta":{"footnotes":""},"categories":[3],"tags":[],"class_list":["post-14612","post","type-post","status-publish","format-standard","has-post-thumbnail","hentry","category-noticias"],"_links":{"self":[{"href":"https:\/\/hostnetart.com.br\/baixada\/wp-json\/wp\/v2\/posts\/14612","targetHints":{"allow":["GET"]}}],"collection":[{"href":"https:\/\/hostnetart.com.br\/baixada\/wp-json\/wp\/v2\/posts"}],"about":[{"href":"https:\/\/hostnetart.com.br\/baixada\/wp-json\/wp\/v2\/types\/post"}],"author":[{"embeddable":true,"href":"https:\/\/hostnetart.com.br\/baixada\/wp-json\/wp\/v2\/users\/2"}],"replies":[{"embeddable":true,"href":"https:\/\/hostnetart.com.br\/baixada\/wp-json\/wp\/v2\/comments?post=14612"}],"version-history":[{"count":0,"href":"https:\/\/hostnetart.com.br\/baixada\/wp-json\/wp\/v2\/posts\/14612\/revisions"}],"wp:featuredmedia":[{"embeddable":true,"href":"https:\/\/hostnetart.com.br\/baixada\/wp-json\/wp\/v2\/media\/14611"}],"wp:attachment":[{"href":"https:\/\/hostnetart.com.br\/baixada\/wp-json\/wp\/v2\/media?parent=14612"}],"wp:term":[{"taxonomy":"category","embeddable":true,"href":"https:\/\/hostnetart.com.br\/baixada\/wp-json\/wp\/v2\/categories?post=14612"},{"taxonomy":"post_tag","embeddable":true,"href":"https:\/\/hostnetart.com.br\/baixada\/wp-json\/wp\/v2\/tags?post=14612"}],"curies":[{"name":"wp","href":"https:\/\/api.w.org\/{rel}","templated":true}]}}