{"id":14610,"date":"2023-10-06T16:55:34","date_gmt":"2023-10-06T19:55:34","guid":{"rendered":"https:\/\/hostnetart.com.br\/baixada\/seeb-macae-obtem-grande-vitoria-na-justica-sobre-o-intervalo-de-15-minutos-da-mulher-do-bb\/"},"modified":"2023-10-06T16:55:34","modified_gmt":"2023-10-06T19:55:34","slug":"seeb-macae-obtem-grande-vitoria-na-justica-sobre-o-intervalo-de-15-minutos-da-mulher-do-bb","status":"publish","type":"post","link":"https:\/\/hostnetart.com.br\/baixada\/seeb-macae-obtem-grande-vitoria-na-justica-sobre-o-intervalo-de-15-minutos-da-mulher-do-bb\/","title":{"rendered":"SEEB Maca\u00e9 obt\u00e9m grande vit\u00f3ria na justi\u00e7a sobre o intervalo de 15 minutos da mulher do BB"},"content":{"rendered":"<p>O Sindicato dos Banc\u00e1rios de Maca\u00e9 e Regi\u00e3o, filiado \u00e0 Federa\u00e7\u00e3o dos Trabalhadores do Ramo Financeiro dos Estados do Rio de Janeiro e Esp\u00edrito Santo (Fetraf-RJ\/ES), obteve uma grande vit\u00f3ria na justi\u00e7a.<\/p>\n<p>Foi assinado no TRT, na tarde de 20 de setembro de 2023, o Acordo de Concilia\u00e7\u00e3o entre as Banc\u00e1rias e o Banco do Brasil, referente a A\u00e7\u00e3o dos 15 minutos intrajornada. Direito previsto apenas para mulheres de acordo com o artigo 384 da CLT, derrubado com a Reforma Trabalhista de 2017.<\/p>\n<p>Ao todo, cerca de 77 mulheres foram beneficiadas. O Sindicato foi representado pelo escrit\u00f3rio Souza e Freitas Consultoria Jur\u00eddica, atrav\u00e9s do Dr. Bruno Mejdalani.<\/p>\n<p>Ap\u00f3s a A\u00e7\u00e3o ganha, o Banco apresentou proposta de concilia\u00e7\u00e3o que resultou em um acordo aceito pela maioria das banc\u00e1rias substitu\u00eddas o que beneficiou 77 mulheres, que receberam o valor devido, ficando cada uma das substitu\u00eddas respons\u00e1vel caso tenha que ser efetuado recolhimento de pens\u00e3o.<\/p>\n<p>Para o Presidente do Sindicato dos Banc\u00e1rios de Maca\u00e9 e Regi\u00e3o, Paulo Alves \u201c\u00e9 de suma import\u00e2ncia destacar a figura do Sindicato como instrumento de representatividade e de garantia dos direitos de seus trabalhadores, mesmo com a reforma trabalhista de 2017, que trouxe grandes perdas aos trabalhadores \u00e9 essencial que a Luta seja di\u00e1ria para garantia de nossos direitos e avan\u00e7o em novas conquistas trabalhistas.\u201d<\/p>\n<p>O acordo foi fechado durante a Semana Nacional da Execu\u00e7\u00e3o Trabalhista (13\u00aa Edi\u00e7\u00e3o. De 18 a 22 de setembro) e a audi\u00eancia foi presidida pelo juiz Andr\u00e9 Luiz Da Costa Carvalho.<\/p>\n<p>O Diretor de Assuntos Jur\u00eddico do Sindicato, Jos\u00e9 Renato, lembra que \u201cessas conquistas do Sindicato s\u00f3 s\u00e3o poss\u00edveis gra\u00e7as aos banc\u00e1rios filiados que, com suas mensalidades, ajudam a custear os Advogados e as Custas Judiciais.\u201d<\/p>\n<p>Jos\u00e9 Renato ainda destacou: \u201cEssa vit\u00f3ria mostra a import\u00e2ncia de um sindicato forte e, mais uma vez, mostramos que sindicato forte \u00e9 aquele que est\u00e1 junto aos trabalhadores e presente em sua jornada de conquistas e manuten\u00e7\u00e3o de benef\u00edcios e direitos.\u201d<\/p>\n<p><strong>Fonte: Fetraf RJ\/ES<\/strong><\/p>\n","protected":false},"excerpt":{"rendered":"<p>O Sindicato dos Banc\u00e1rios de Maca\u00e9 e Regi\u00e3o, filiado \u00e0 Federa\u00e7\u00e3o dos Trabalhadores do Ramo Financeiro dos Estados do Rio de Janeiro e Esp\u00edrito Santo (Fetraf-RJ\/ES), obteve uma grande vit\u00f3ria na justi\u00e7a. Foi assinado no TRT, na tarde de 20 de setembro de 2023, o Acordo de Concilia\u00e7\u00e3o entre as Banc\u00e1rias e o Banco do [&hellip;]<\/p>\n","protected":false},"author":2,"featured_media":14609,"comment_status":"","ping_status":"","sticky":false,"template":"","format":"standard","meta":{"footnotes":""},"categories":[3],"tags":[],"class_list":["post-14610","post","type-post","status-publish","format-standard","has-post-thumbnail","hentry","category-noticias"],"_links":{"self":[{"href":"https:\/\/hostnetart.com.br\/baixada\/wp-json\/wp\/v2\/posts\/14610","targetHints":{"allow":["GET"]}}],"collection":[{"href":"https:\/\/hostnetart.com.br\/baixada\/wp-json\/wp\/v2\/posts"}],"about":[{"href":"https:\/\/hostnetart.com.br\/baixada\/wp-json\/wp\/v2\/types\/post"}],"author":[{"embeddable":true,"href":"https:\/\/hostnetart.com.br\/baixada\/wp-json\/wp\/v2\/users\/2"}],"replies":[{"embeddable":true,"href":"https:\/\/hostnetart.com.br\/baixada\/wp-json\/wp\/v2\/comments?post=14610"}],"version-history":[{"count":0,"href":"https:\/\/hostnetart.com.br\/baixada\/wp-json\/wp\/v2\/posts\/14610\/revisions"}],"wp:featuredmedia":[{"embeddable":true,"href":"https:\/\/hostnetart.com.br\/baixada\/wp-json\/wp\/v2\/media\/14609"}],"wp:attachment":[{"href":"https:\/\/hostnetart.com.br\/baixada\/wp-json\/wp\/v2\/media?parent=14610"}],"wp:term":[{"taxonomy":"category","embeddable":true,"href":"https:\/\/hostnetart.com.br\/baixada\/wp-json\/wp\/v2\/categories?post=14610"},{"taxonomy":"post_tag","embeddable":true,"href":"https:\/\/hostnetart.com.br\/baixada\/wp-json\/wp\/v2\/tags?post=14610"}],"curies":[{"name":"wp","href":"https:\/\/api.w.org\/{rel}","templated":true}]}}