{"id":14608,"date":"2023-10-05T15:40:35","date_gmt":"2023-10-05T18:40:35","guid":{"rendered":"https:\/\/hostnetart.com.br\/baixada\/contraf-cut-cobra-cumprimento-do-act-do-bndes\/"},"modified":"2023-10-05T15:40:35","modified_gmt":"2023-10-05T18:40:35","slug":"contraf-cut-cobra-cumprimento-do-act-do-bndes","status":"publish","type":"post","link":"https:\/\/hostnetart.com.br\/baixada\/contraf-cut-cobra-cumprimento-do-act-do-bndes\/","title":{"rendered":"Contraf-CUT cobra cumprimento do ACT do BNDES"},"content":{"rendered":"<p>A Confedera\u00e7\u00e3o Nacional dos Trabalhadores do Ramo Financeiro (Contraf-CUT) enviou, na ter\u00e7a-feira (3), um of\u00edcio ao Banco Nacional de Desenvolvimento Econ\u00f4mico e Social (BNDES) solicitando esclarecimentos sobre a n\u00e3o concess\u00e3o de reajuste salarial a seus empregados.<\/p>\n<p>\u201cO banco alega que no acordo existe uma condi\u00e7\u00e3o de efic\u00e1cia, estabelecida por exig\u00eancia da gest\u00e3o anterior, indicada pelo governo Bolsonaro. Mas o mesmo acordo n\u00e3o estabelece que esta condi\u00e7\u00e3o de efic\u00e1cia esteja vinculada ao reajuste\u201d disse o vice-presidente da Contraf-CUT, Vin\u00edcius Assump\u00e7\u00e3o, que representa a entidade nas negocia\u00e7\u00f5es com o banco.<\/p>\n<p>O of\u00edcio observa ainda que, na ata da audi\u00eancia de media\u00e7\u00e3o realizada no Tribunal Superior do Trabalho, ficou expressamente claro que tal condi\u00e7\u00e3o n\u00e3o vincularia a futura\/atual gest\u00e3o.<\/p>\n<p>\u201cPortanto, isto significa um descumprimento do ACT (Acordo Coletivo de Trabalho) e logo numa dire\u00e7\u00e3o que foi indicada pelo atual governo Lula. Esperamos que a dire\u00e7\u00e3o do BNDES, sob o comando do Presidente Alo\u00edsio Mercadante, fa\u00e7a imediatamente o repasse do reajuste da Fenaban (Federa\u00e7\u00e3o Nacional dos Bancos) a todo o seu corpo de funcion\u00e1rios, que deveria ter sido creditado na folha de setembro\u201d, concluiu o vice-presidente da Contraf-CUT.<\/p>\n<p><strong>Fonte: Contraf-CUT<\/strong><\/p>\n","protected":false},"excerpt":{"rendered":"<p>A Confedera\u00e7\u00e3o Nacional dos Trabalhadores do Ramo Financeiro (Contraf-CUT) enviou, na ter\u00e7a-feira (3), um of\u00edcio ao Banco Nacional de Desenvolvimento Econ\u00f4mico e Social (BNDES) solicitando esclarecimentos sobre a n\u00e3o concess\u00e3o de reajuste salarial a seus empregados. \u201cO banco alega que no acordo existe uma condi\u00e7\u00e3o de efic\u00e1cia, estabelecida por exig\u00eancia da gest\u00e3o anterior, indicada pelo [&hellip;]<\/p>\n","protected":false},"author":2,"featured_media":14607,"comment_status":"","ping_status":"","sticky":false,"template":"","format":"standard","meta":{"footnotes":""},"categories":[3],"tags":[],"class_list":["post-14608","post","type-post","status-publish","format-standard","has-post-thumbnail","hentry","category-noticias"],"_links":{"self":[{"href":"https:\/\/hostnetart.com.br\/baixada\/wp-json\/wp\/v2\/posts\/14608","targetHints":{"allow":["GET"]}}],"collection":[{"href":"https:\/\/hostnetart.com.br\/baixada\/wp-json\/wp\/v2\/posts"}],"about":[{"href":"https:\/\/hostnetart.com.br\/baixada\/wp-json\/wp\/v2\/types\/post"}],"author":[{"embeddable":true,"href":"https:\/\/hostnetart.com.br\/baixada\/wp-json\/wp\/v2\/users\/2"}],"replies":[{"embeddable":true,"href":"https:\/\/hostnetart.com.br\/baixada\/wp-json\/wp\/v2\/comments?post=14608"}],"version-history":[{"count":0,"href":"https:\/\/hostnetart.com.br\/baixada\/wp-json\/wp\/v2\/posts\/14608\/revisions"}],"wp:featuredmedia":[{"embeddable":true,"href":"https:\/\/hostnetart.com.br\/baixada\/wp-json\/wp\/v2\/media\/14607"}],"wp:attachment":[{"href":"https:\/\/hostnetart.com.br\/baixada\/wp-json\/wp\/v2\/media?parent=14608"}],"wp:term":[{"taxonomy":"category","embeddable":true,"href":"https:\/\/hostnetart.com.br\/baixada\/wp-json\/wp\/v2\/categories?post=14608"},{"taxonomy":"post_tag","embeddable":true,"href":"https:\/\/hostnetart.com.br\/baixada\/wp-json\/wp\/v2\/tags?post=14608"}],"curies":[{"name":"wp","href":"https:\/\/api.w.org\/{rel}","templated":true}]}}