{"id":14602,"date":"2023-10-04T18:20:00","date_gmt":"2023-10-04T21:20:00","guid":{"rendered":"https:\/\/hostnetart.com.br\/baixada\/movimento-sindical-bancario-lanca-pesquisa-para-conhecer-doencas-dos-trabalhadores\/"},"modified":"2023-10-04T18:20:00","modified_gmt":"2023-10-04T21:20:00","slug":"movimento-sindical-bancario-lanca-pesquisa-para-conhecer-doencas-dos-trabalhadores","status":"publish","type":"post","link":"https:\/\/hostnetart.com.br\/baixada\/movimento-sindical-bancario-lanca-pesquisa-para-conhecer-doencas-dos-trabalhadores\/","title":{"rendered":"Movimento Sindical Banc\u00e1rio lan\u00e7a pesquisa para conhecer doen\u00e7as dos trabalhadores"},"content":{"rendered":"<p>O Movimento Sindical Banc\u00e1rio, atrav\u00e9s da Confedera\u00e7\u00e3o Nacional dos Trabalhadores do Ramo Financeiro (Contraf-CUT), em conjunto com pesquisadores do Instituto de Psicologia da Universidade de Bras\u00edlia (UNB), est\u00e1 lan\u00e7ando a pesquisa \u201cAvalia\u00e7\u00e3o dos Modelos de Gest\u00e3o e das Patologias do Trabalho Banc\u00e1rio\u201d. O objetivo \u00e9 analisar a rela\u00e7\u00e3o entre os modelos de gest\u00e3o adotados pelos bancos e o adoecimento dos trabalhadores do ramo financeiro. A pesquisa, que \u00e9 mais uma a\u00e7\u00e3o da Campanha Menos Metas, Mais Sa\u00fade, busca a participa\u00e7\u00e3o ativa da categoria.<\/p>\n<p>Ser\u00e3o analisadas condi\u00e7\u00f5es profissionais, divis\u00e3o do trabalho, as regras formais, o tempo, o ritmo, o controle e as caracter\u00edsticas das tarefas; condi\u00e7\u00f5es f\u00edsicas de trabalho: a infraestrutura, tais como ambiente f\u00edsico, qualidade do posto de trabalho, equipamentos e materiais, como os aplicativos e sistemas; e condi\u00e7\u00f5es sociais, rela\u00e7\u00f5es socioprofissionais de trabalho, como as intera\u00e7\u00f5es hier\u00e1rquicas, coletivas intra e intergrupos e externas presencial e virtual.<\/p>\n<p>Mauro Salles, secret\u00e1rio de Sa\u00fade da Contraf-CUT, explica que a a\u00e7\u00e3o busca o aperfei\u00e7oamento das ferramentas do movimento sindical banc\u00e1rio para contrapor os repetidos argumentos patronais de isen\u00e7\u00e3o quanto ao adoecimento da categoria, frente a um crescente n\u00famero de casos. \u201cA participa\u00e7\u00e3o dos trabalhadores \u00e9 fundamental, pois suas respostas contribuir\u00e3o diretamente para a constru\u00e7\u00e3o de um ambiente de trabalho mais saud\u00e1vel no setor banc\u00e1rio. Com base nas respostas, an\u00e1lises e estat\u00edsticas ser\u00e3o realizadas para identificar problemas e propor solu\u00e7\u00f5es. O resultado ser\u00e1 um relat\u00f3rio t\u00e9cnico que guiar\u00e1 a\u00e7\u00f5es sindicais e organizacionais para combater riscos psicossociais e promover a sa\u00fade de todos os envolvidos\u201d.<\/p>\n<h3>Como responder<\/h3>\n<p>A pesquisa estar\u00e1 dispon\u00edvel at\u00e9 o dia 31 de outubro de 2023. Os interessados em participar podem\u00a0<a href=\"https:\/\/pesquisa.trabalhovivo.net\/pesquisa\/index.php?r=survey\/index&amp;sid=719343&amp;lang=pt-BR\">clicar aqui<\/a>.<\/p>\n<p>\u201c\u00c9 importante que os dirigentes sindicais divulguem nossa pesquisa massivamente, compartilhando o link para a categoria por meio de grupos de mensagens (WhatsApp ou Telegram) ou SMS, via e-mail ou, de forma mais ampla, nos meios de comunica\u00e7\u00e3o do seu sindicato\u201d, orientou Mauro.<\/p>\n<p>O question\u00e1rio da pesquisa leva, em m\u00e9dia, 20 minutos para ser totalmente respondido e, al\u00e9m das perguntas relacionadas ao ambiente f\u00edsico de trabalho, busca registrar a ocorr\u00eancia de adoecimento, inclusive mental, eventuais acompanhamentos m\u00e9dicos, uso de medica\u00e7\u00e3o e afastamentos do trabalho.<\/p>\n<p>Todas as respostas coletadas ser\u00e3o preservadas com a garantia de sigilo e direcionadas automaticamente aos pesquisadores envolvidos, que ter\u00e3o a tarefa de estabelecer as m\u00e9tricas das amostras por regi\u00e3o, por estados da federa\u00e7\u00e3o, por indicadores socioecon\u00f4micos (sexo, escolaridade, idade, ra\u00e7a, escolaridade, estado civil, cargo, forma de contrata\u00e7\u00e3o e por banco).<\/p>\n<p>\u201c\u00c9 muito importante que todos os trabalhadores do ramo financeiro participem para conseguirmos estabelecer novos patamares para as negocia\u00e7\u00f5es e melhorias nas condi\u00e7\u00f5es de trabalho da categoria\u201d, finalizou Mauro.<\/p>\n<p>PARTICIPE!<\/p>\n<p><strong><em>*com informa\u00e7\u00f5es da Contraf-CUT<\/em><\/strong><\/p>\n","protected":false},"excerpt":{"rendered":"<p>O Movimento Sindical Banc\u00e1rio, atrav\u00e9s da Confedera\u00e7\u00e3o Nacional dos Trabalhadores do Ramo Financeiro (Contraf-CUT), em conjunto com pesquisadores do Instituto de Psicologia da Universidade de Bras\u00edlia (UNB), est\u00e1 lan\u00e7ando a pesquisa \u201cAvalia\u00e7\u00e3o dos Modelos de Gest\u00e3o e das Patologias do Trabalho Banc\u00e1rio\u201d. O objetivo \u00e9 analisar a rela\u00e7\u00e3o entre os modelos de gest\u00e3o adotados pelos [&hellip;]<\/p>\n","protected":false},"author":2,"featured_media":14601,"comment_status":"","ping_status":"","sticky":false,"template":"","format":"standard","meta":{"footnotes":""},"categories":[3],"tags":[],"class_list":["post-14602","post","type-post","status-publish","format-standard","has-post-thumbnail","hentry","category-noticias"],"_links":{"self":[{"href":"https:\/\/hostnetart.com.br\/baixada\/wp-json\/wp\/v2\/posts\/14602","targetHints":{"allow":["GET"]}}],"collection":[{"href":"https:\/\/hostnetart.com.br\/baixada\/wp-json\/wp\/v2\/posts"}],"about":[{"href":"https:\/\/hostnetart.com.br\/baixada\/wp-json\/wp\/v2\/types\/post"}],"author":[{"embeddable":true,"href":"https:\/\/hostnetart.com.br\/baixada\/wp-json\/wp\/v2\/users\/2"}],"replies":[{"embeddable":true,"href":"https:\/\/hostnetart.com.br\/baixada\/wp-json\/wp\/v2\/comments?post=14602"}],"version-history":[{"count":0,"href":"https:\/\/hostnetart.com.br\/baixada\/wp-json\/wp\/v2\/posts\/14602\/revisions"}],"wp:featuredmedia":[{"embeddable":true,"href":"https:\/\/hostnetart.com.br\/baixada\/wp-json\/wp\/v2\/media\/14601"}],"wp:attachment":[{"href":"https:\/\/hostnetart.com.br\/baixada\/wp-json\/wp\/v2\/media?parent=14602"}],"wp:term":[{"taxonomy":"category","embeddable":true,"href":"https:\/\/hostnetart.com.br\/baixada\/wp-json\/wp\/v2\/categories?post=14602"},{"taxonomy":"post_tag","embeddable":true,"href":"https:\/\/hostnetart.com.br\/baixada\/wp-json\/wp\/v2\/tags?post=14602"}],"curies":[{"name":"wp","href":"https:\/\/api.w.org\/{rel}","templated":true}]}}