{"id":14600,"date":"2023-10-04T16:36:15","date_gmt":"2023-10-04T19:36:15","guid":{"rendered":"https:\/\/hostnetart.com.br\/baixada\/coe-debate-minuta-de-reivindicacoes-especificas-com-o-bradesco\/"},"modified":"2023-10-04T16:36:15","modified_gmt":"2023-10-04T19:36:15","slug":"coe-debate-minuta-de-reivindicacoes-especificas-com-o-bradesco","status":"publish","type":"post","link":"https:\/\/hostnetart.com.br\/baixada\/coe-debate-minuta-de-reivindicacoes-especificas-com-o-bradesco\/","title":{"rendered":"COE debate minuta de reivindica\u00e7\u00f5es espec\u00edficas com o Bradesco"},"content":{"rendered":"<p>A Comiss\u00e3o de Organiza\u00e7\u00e3o dos Empregados (COE) do Bradesco se reuniu com a dire\u00e7\u00e3o do banco, na tarde desta ter\u00e7a-feira (3), em formato digital, para reivindicar mudan\u00e7as nas cobran\u00e7as de metas, um dos principais motivos do adoecimento banc\u00e1rio. Esta negocia\u00e7\u00e3o est\u00e1 assegurada pela cl\u00e1usula 87 da Conven\u00e7\u00e3o Coletiva de Trabalho (CCT). Negociada na Campanha Nacional dos Banc\u00e1rios de 2022, ela determina que o tema das metas e das formas de seu acompanhamento pelos bancos deveria ter sido inclu\u00eddo na pauta da primeira reuni\u00e3o de negocia\u00e7\u00f5es de 2023 com as comiss\u00f5es de organiza\u00e7\u00e3o de empregados.<\/p>\n<p>Na primeira reuni\u00e3o de 2023, o banco informou que o conceito de metas se baseia no planejamento anual, distribu\u00edda por regi\u00e3o, de acordo com a produtividade de cada uma. A institui\u00e7\u00e3o afirmou que a meta \u00e9 100% mensal. O movimento sindical informou que \u00e9 contra a meta individual. \u201cDefendemos que seja semestral e n\u00e3o mensal\u201d, lembrou Magaly Fagundes, coordenadora da COE, que tamb\u00e9m reivindica metas coletivas e semestrais, al\u00e9m da n\u00e3o altera\u00e7\u00e3o das metas, ap\u00f3s o in\u00edcio do per\u00edodo de vig\u00eancia do prazo de cumprimento.<\/p>\n<h3>Aux\u00edlio Academia<\/h3>\n<p>A Comiss\u00e3o tamb\u00e9m voltou a reivindicar o benef\u00edcio, mas o banco afirmou que ainda n\u00e3o consegue atender, por\u00e9m, est\u00e1 estudando a possibilidade. \u201cRelatamos a import\u00e2ncia desse tema, visto que se trata de um investimento na sa\u00fade do banc\u00e1rio\u201d, explicou Lourival Rodrigues, secret\u00e1rio de Assuntos Jur\u00eddicos da Contraf-CUT.<\/p>\n<h3>Ponto eletr\u00f4nico e Bradesco Financiamento<\/h3>\n<p>Na reuni\u00e3o, as partes tamb\u00e9m voltaram a negociar a renova\u00e7\u00e3o dos aditivos de Ponto Eletr\u00f4nico e do Bradesco Financiamento. O banco apresentou as propostas de texto e o movimento sindical sugeriu mudan\u00e7as para adequa\u00e7\u00e3o \u00e0s novas portarias que regem os temas. O assunto segue na pauta para os pr\u00f3ximos encontros.<\/p>\n<h3>Plano de Sa\u00fade<\/h3>\n<p>O movimento sindical relatou as in\u00fameras reclama\u00e7\u00f5es que tem recebido pelo grande n\u00famero de descredenciamento de m\u00e9dicos, cl\u00ednicas e hospitais, principalmente em regi\u00f5es afastadas das grandes cidades e que j\u00e1 t\u00eam poucas op\u00e7\u00f5es, dos planos de sa\u00fade e odontol\u00f3gico.<\/p>\n<p>Uma nova reuni\u00e3o, em formato presencial, deve ser agendada nas pr\u00f3ximas semanas para avan\u00e7ar em todas as negocia\u00e7\u00f5es.<\/p>\n<p><b>Fonte: Contraf-CUT<\/b><\/p>\n","protected":false},"excerpt":{"rendered":"<p>A Comiss\u00e3o de Organiza\u00e7\u00e3o dos Empregados (COE) do Bradesco se reuniu com a dire\u00e7\u00e3o do banco, na tarde desta ter\u00e7a-feira (3), em formato digital, para reivindicar mudan\u00e7as nas cobran\u00e7as de metas, um dos principais motivos do adoecimento banc\u00e1rio. Esta negocia\u00e7\u00e3o est\u00e1 assegurada pela cl\u00e1usula 87 da Conven\u00e7\u00e3o Coletiva de Trabalho (CCT). Negociada na Campanha Nacional [&hellip;]<\/p>\n","protected":false},"author":2,"featured_media":14599,"comment_status":"","ping_status":"","sticky":false,"template":"","format":"standard","meta":{"footnotes":""},"categories":[3],"tags":[],"class_list":["post-14600","post","type-post","status-publish","format-standard","has-post-thumbnail","hentry","category-noticias"],"_links":{"self":[{"href":"https:\/\/hostnetart.com.br\/baixada\/wp-json\/wp\/v2\/posts\/14600","targetHints":{"allow":["GET"]}}],"collection":[{"href":"https:\/\/hostnetart.com.br\/baixada\/wp-json\/wp\/v2\/posts"}],"about":[{"href":"https:\/\/hostnetart.com.br\/baixada\/wp-json\/wp\/v2\/types\/post"}],"author":[{"embeddable":true,"href":"https:\/\/hostnetart.com.br\/baixada\/wp-json\/wp\/v2\/users\/2"}],"replies":[{"embeddable":true,"href":"https:\/\/hostnetart.com.br\/baixada\/wp-json\/wp\/v2\/comments?post=14600"}],"version-history":[{"count":0,"href":"https:\/\/hostnetart.com.br\/baixada\/wp-json\/wp\/v2\/posts\/14600\/revisions"}],"wp:featuredmedia":[{"embeddable":true,"href":"https:\/\/hostnetart.com.br\/baixada\/wp-json\/wp\/v2\/media\/14599"}],"wp:attachment":[{"href":"https:\/\/hostnetart.com.br\/baixada\/wp-json\/wp\/v2\/media?parent=14600"}],"wp:term":[{"taxonomy":"category","embeddable":true,"href":"https:\/\/hostnetart.com.br\/baixada\/wp-json\/wp\/v2\/categories?post=14600"},{"taxonomy":"post_tag","embeddable":true,"href":"https:\/\/hostnetart.com.br\/baixada\/wp-json\/wp\/v2\/tags?post=14600"}],"curies":[{"name":"wp","href":"https:\/\/api.w.org\/{rel}","templated":true}]}}