{"id":14598,"date":"2023-10-03T14:25:02","date_gmt":"2023-10-03T17:25:02","guid":{"rendered":"https:\/\/hostnetart.com.br\/baixada\/movimento-sindical-participa-da-posse-de-novos-funcionarios-e-funcionarias-do-bb\/"},"modified":"2023-10-03T14:25:02","modified_gmt":"2023-10-03T17:25:02","slug":"movimento-sindical-participa-da-posse-de-novos-funcionarios-e-funcionarias-do-bb","status":"publish","type":"post","link":"https:\/\/hostnetart.com.br\/baixada\/movimento-sindical-participa-da-posse-de-novos-funcionarios-e-funcionarias-do-bb\/","title":{"rendered":"Movimento sindical participa da posse de novos funcion\u00e1rios e funcion\u00e1rias do BB"},"content":{"rendered":"<p>O movimento sindical, por meio da Confedera\u00e7\u00e3o Nacional dos Trabalhadores do Ramo Financeiro (Contraf-CUT) e da Comiss\u00e3o de Empresa dos Funcion\u00e1rios do Banco do Brasil (CEBB), participou da sess\u00e3o de boas-vindas a 300 novos banc\u00e1rios e banc\u00e1rias, nesta segunda-feira (2).<\/p>\n<p>O evento de posse nacional e unificado ocorreu no formato online e contou com a participa\u00e7\u00e3o da presidenta do BB, Tarciana Medeiros, al\u00e9m de representantes da Previ, da Cassi e da equipe de diversidade.<\/p>\n<p>\u201cA participa\u00e7\u00e3o do movimento sindical na chegada dos novos colegas ao banco sempre foi uma reinvindica\u00e7\u00e3o do movimento social\u201d, explicou a coordenadora a CEBB, Fernanda Lopes. \u201cConsideramos extremamente importante que as pessoas, desde o in\u00edcio, saibam que os chamados \u2018benef\u00edcios\u2019 concedidos pelo empregador BB s\u00e3o o resultado de anos de luta das trabalhadoras e trabalhadores da categoria\u201d, completou.<\/p>\n<p>Durante sua fala de boas-vindas aos novos funcion\u00e1rios, Fernanda Lopes destacou a import\u00e2ncia da defesa do BB como um banco p\u00fablico e que, como tal, desempenha papel para o desenvolvimento do pa\u00eds. \u201cO BB n\u00e3o deve ser visto apenas como um banco, focado em apresentar resultados. A miss\u00e3o do banco p\u00fablico \u00e9 ser instrumento para o desenvolvimento econ\u00f4mico e redu\u00e7\u00e3o da pobreza, e isso passa pelo fomento a setores produtivos, como agricultura familiar, e acesso a cr\u00e9dito mais barato para fam\u00edlias e para empresas\u201d, pontuou.<\/p>\n<p>Os concursos e contrata\u00e7\u00f5es tamb\u00e9m s\u00e3o reivindica\u00e7\u00f5es do movimento sindical banc\u00e1rio. Em setembro passado, ocorreu a posse de trabalhadores e trabalhadoras da \u00e1rea de tecnologia da informa\u00e7\u00e3o. Os empossados desta segunda s\u00e3o agentes comerciais. No dia 23 de outubro, est\u00e1 prevista a posse da segunda leva de agentes comerciais, com 700 novos funcion\u00e1rios desta \u00e1rea.<\/p>\n<p>\u201cEsses colegas ser\u00e3o distribu\u00eddos principalmente em ag\u00eancias de todo o pa\u00eds. Tivemos grande redu\u00e7\u00e3o no n\u00famero de banc\u00e1rias e banc\u00e1rios de 2016 at\u00e9 ano passado, o que gerou sobrecarrega sobre os colegas que permaneceram, principalmente na rede de ag\u00eancias\u201d, destacou Fernanda. \u201cEnt\u00e3o, estamos felizes com a chegada dos novos funcion\u00e1rios e \u00e9 importante que venham mais\u201d, concluiu.<\/p>\n<p><strong>Fonte: Contraf-CUT<\/strong><\/p>\n","protected":false},"excerpt":{"rendered":"<p>O movimento sindical, por meio da Confedera\u00e7\u00e3o Nacional dos Trabalhadores do Ramo Financeiro (Contraf-CUT) e da Comiss\u00e3o de Empresa dos Funcion\u00e1rios do Banco do Brasil (CEBB), participou da sess\u00e3o de boas-vindas a 300 novos banc\u00e1rios e banc\u00e1rias, nesta segunda-feira (2). O evento de posse nacional e unificado ocorreu no formato online e contou com a [&hellip;]<\/p>\n","protected":false},"author":2,"featured_media":14597,"comment_status":"","ping_status":"","sticky":false,"template":"","format":"standard","meta":{"footnotes":""},"categories":[3],"tags":[],"class_list":["post-14598","post","type-post","status-publish","format-standard","has-post-thumbnail","hentry","category-noticias"],"_links":{"self":[{"href":"https:\/\/hostnetart.com.br\/baixada\/wp-json\/wp\/v2\/posts\/14598","targetHints":{"allow":["GET"]}}],"collection":[{"href":"https:\/\/hostnetart.com.br\/baixada\/wp-json\/wp\/v2\/posts"}],"about":[{"href":"https:\/\/hostnetart.com.br\/baixada\/wp-json\/wp\/v2\/types\/post"}],"author":[{"embeddable":true,"href":"https:\/\/hostnetart.com.br\/baixada\/wp-json\/wp\/v2\/users\/2"}],"replies":[{"embeddable":true,"href":"https:\/\/hostnetart.com.br\/baixada\/wp-json\/wp\/v2\/comments?post=14598"}],"version-history":[{"count":0,"href":"https:\/\/hostnetart.com.br\/baixada\/wp-json\/wp\/v2\/posts\/14598\/revisions"}],"wp:featuredmedia":[{"embeddable":true,"href":"https:\/\/hostnetart.com.br\/baixada\/wp-json\/wp\/v2\/media\/14597"}],"wp:attachment":[{"href":"https:\/\/hostnetart.com.br\/baixada\/wp-json\/wp\/v2\/media?parent=14598"}],"wp:term":[{"taxonomy":"category","embeddable":true,"href":"https:\/\/hostnetart.com.br\/baixada\/wp-json\/wp\/v2\/categories?post=14598"},{"taxonomy":"post_tag","embeddable":true,"href":"https:\/\/hostnetart.com.br\/baixada\/wp-json\/wp\/v2\/tags?post=14598"}],"curies":[{"name":"wp","href":"https:\/\/api.w.org\/{rel}","templated":true}]}}