{"id":14584,"date":"2023-09-28T16:46:00","date_gmt":"2023-09-28T19:46:00","guid":{"rendered":"https:\/\/hostnetart.com.br\/baixada\/seminario-gratuito-debate-reforma-tributaria-nesta-quinta-feira-28\/"},"modified":"2023-09-28T16:46:00","modified_gmt":"2023-09-28T19:46:00","slug":"seminario-gratuito-debate-reforma-tributaria-nesta-quinta-feira-28","status":"publish","type":"post","link":"https:\/\/hostnetart.com.br\/baixada\/seminario-gratuito-debate-reforma-tributaria-nesta-quinta-feira-28\/","title":{"rendered":"Semin\u00e1rio gratuito debate reforma tribut\u00e1ria nesta quinta-feira (28)"},"content":{"rendered":"<p>O Departamento Intersindical de Estat\u00edstica e Estudos Socioecon\u00f4micos (Dieese), o Centro de Estudos Sindicais e Economia do Trabalho (Cesit), da Unicamp, e o Instituto Justi\u00e7a Fiscal promovem o \u2018Semin\u00e1rio Reforma Tribut\u00e1ria para um Brasil socialmente justo: desenvolvimento, pol\u00edticas sociais, emprego decente e distribui\u00e7\u00e3o de renda\u2019. O evento \u00e9 gratuito e aberto ao p\u00fablico. Ser\u00e1 realizado presencialmente em S\u00e3o Paulo, em 28 de setembro, das 9h \u00e0s 17h, e transmitido ao vivo pela internet. Para participar,\u00a0<a href=\"https:\/\/bit.ly\/semin%C3%A1rioRT\">fa\u00e7a a inscri\u00e7\u00e3o aqui<\/a>.<\/p>\n<p>Considerada uma das mais necess\u00e1rias para o pa\u00eds, a reforma tribut\u00e1ria \u00e9 de interesse de toda popula\u00e7\u00e3o, uma vez que envolve a capacidade do Estado realizar pol\u00edticas p\u00fablicas voltadas para toda a popula\u00e7\u00e3o, independentemente da classe social de cada um.<\/p>\n<p>O semin\u00e1rio contar\u00e1 com a presen\u00e7a de economistas de diversas universidades, entre eles, Marcio Pochmann, presidente do Instituto Brasileiro de Geografia e Estat\u00edstica (IBGE), al\u00e9m de representantes do Dieese, Instituto Justi\u00e7a Fiscal (IJF), Instituto de Pesquisa Econ\u00f4mica Aplicada (Ipea), al\u00e9m do Nobel de Economia de 2001, o norte-americano, Joseph Eugene Stiglitz, via confer\u00eancia de v\u00eddeo.<\/p>\n<p>Segundo a presidenta da Confedera\u00e7\u00e3o Nacional dos Trabalhadores do Ramo Financeiro (Contraf-CUT), Juvandia Moreira, que far\u00e1 parte de uma das mesas de debates do evento, a reforma tribut\u00e1ria deve ser tema priorit\u00e1rio para os trabalhadores e trabalhadoras. \u201cA realiza\u00e7\u00e3o do semin\u00e1rio pelo Dieese, CESIT, IJF e Sindifisco \u00e9 de grande import\u00e2ncia para que todos os trabalhadores e trabalhadoras, e a sociedade em geral, possa se apropriar sobre o tema. Nosso grande esfor\u00e7o \u00e9 para incluir os super-ricos no imposto de renda e permitir que os pobres paguem menos\u201d, afirmou.<\/p>\n<h3>Programa\u00e7\u00e3o<\/h3>\n<p><strong>Semin\u00e1rio Reforma Tribut\u00e1ria Para um Brasil Socialmente Justo: desenvolvimento, pol\u00edticas sociais, emprego decente e distribui\u00e7\u00e3o de renda<\/strong>.<br \/>Onde: S\u00e3o Paulo \u2013 SP<br \/>Quando: 28 de setembro, quinta-feira, das 9h \u00e0s 17h30.<\/p>\n<p><strong>9h \u2013 Abertura<\/strong><\/p>\n<p>Presidente do IJF, D\u00e3o Real Pereira dos Santos; presidente do Dieese, Maria Aparecida Faria; presidente do Sindifisco, Isac Moreno Falc\u00e3o dos Santos e a economista Marilane Teixeira, do Centro de Estudos Sindicais e de Economia do Trabalho da Unicamp.<br \/>Participa\u00e7\u00e3o especial do Nobel de Economia Joseph Eugene Stiglitz (v\u00eddeo).<\/p>\n<p><strong>9h30 \u00e0s 12h \u2013 Reforma Tribut\u00e1ria para um Brasil socialmente justo: desenvolvimento, pol\u00edticas sociais e distribui\u00e7\u00e3o de renda<\/strong><\/p>\n<p>Modera\u00e7\u00e3o: Maria Regina Paiva Duarte, Instituto Justi\u00e7a Fiscal<br \/>Fausto Augusto J\u00fanior \u2013 Dieese<br \/>Paulo Nogueira Batista \u2013 Economista, ex-vice-presidente dos BRICS e ex-diretor do FMI<br \/>Marcio Pochmann \u2013 professor da Unicamp e presidente do IBGE<br \/>Marilane Teixeira \u2013 Cesit\/Unicamp<\/p>\n<p><strong>13h30 \u2013 Debate: Os Super-Ricos no Imposto de Renda: limites e desafios<\/strong><\/p>\n<p>Modera\u00e7\u00e3o: Patr\u00edcia Pelatieri \u2013 Dieese<br \/>Paulo Gil e Clair Hickmann \u2013 IJF<br \/>Pedro Rossi \u2013 Unicamp<br \/>Francisco Lopreato \u2013 Unicamp<\/p>\n<p><strong>15h15 \u00e0s 17h30 \u2013 Debate: Riscos e incertezas na desonera\u00e7\u00e3o da folha de pagamento<\/strong><\/p>\n<p>Modera\u00e7\u00e3o: Maria de Lourdes (Lurdinha) \u2013 Sindifisco<br \/>Pedro Humberto Carvalho J\u00fanior \u2013 IPEA<br \/>Leandro Horie \u2013 Dieese<br \/>Jos\u00e9 Dari \u2013 Cesit\/Unicamp<\/p>\n<p><strong>Fonte: Contraf-CUT<\/strong><\/p>\n","protected":false},"excerpt":{"rendered":"<p>O Departamento Intersindical de Estat\u00edstica e Estudos Socioecon\u00f4micos (Dieese), o Centro de Estudos Sindicais e Economia do Trabalho (Cesit), da Unicamp, e o Instituto Justi\u00e7a Fiscal promovem o \u2018Semin\u00e1rio Reforma Tribut\u00e1ria para um Brasil socialmente justo: desenvolvimento, pol\u00edticas sociais, emprego decente e distribui\u00e7\u00e3o de renda\u2019. O evento \u00e9 gratuito e aberto ao p\u00fablico. Ser\u00e1 realizado [&hellip;]<\/p>\n","protected":false},"author":2,"featured_media":14583,"comment_status":"","ping_status":"","sticky":false,"template":"","format":"standard","meta":{"footnotes":""},"categories":[3],"tags":[],"class_list":["post-14584","post","type-post","status-publish","format-standard","has-post-thumbnail","hentry","category-noticias"],"_links":{"self":[{"href":"https:\/\/hostnetart.com.br\/baixada\/wp-json\/wp\/v2\/posts\/14584","targetHints":{"allow":["GET"]}}],"collection":[{"href":"https:\/\/hostnetart.com.br\/baixada\/wp-json\/wp\/v2\/posts"}],"about":[{"href":"https:\/\/hostnetart.com.br\/baixada\/wp-json\/wp\/v2\/types\/post"}],"author":[{"embeddable":true,"href":"https:\/\/hostnetart.com.br\/baixada\/wp-json\/wp\/v2\/users\/2"}],"replies":[{"embeddable":true,"href":"https:\/\/hostnetart.com.br\/baixada\/wp-json\/wp\/v2\/comments?post=14584"}],"version-history":[{"count":0,"href":"https:\/\/hostnetart.com.br\/baixada\/wp-json\/wp\/v2\/posts\/14584\/revisions"}],"wp:featuredmedia":[{"embeddable":true,"href":"https:\/\/hostnetart.com.br\/baixada\/wp-json\/wp\/v2\/media\/14583"}],"wp:attachment":[{"href":"https:\/\/hostnetart.com.br\/baixada\/wp-json\/wp\/v2\/media?parent=14584"}],"wp:term":[{"taxonomy":"category","embeddable":true,"href":"https:\/\/hostnetart.com.br\/baixada\/wp-json\/wp\/v2\/categories?post=14584"},{"taxonomy":"post_tag","embeddable":true,"href":"https:\/\/hostnetart.com.br\/baixada\/wp-json\/wp\/v2\/tags?post=14584"}],"curies":[{"name":"wp","href":"https:\/\/api.w.org\/{rel}","templated":true}]}}