{"id":14582,"date":"2023-09-28T16:44:10","date_gmt":"2023-09-28T19:44:10","guid":{"rendered":"https:\/\/hostnetart.com.br\/baixada\/trabalhadores-sao-fundamentais-para-que-haja-reforma-tributaria-justa\/"},"modified":"2023-09-28T16:44:10","modified_gmt":"2023-09-28T19:44:10","slug":"trabalhadores-sao-fundamentais-para-que-haja-reforma-tributaria-justa","status":"publish","type":"post","link":"https:\/\/hostnetart.com.br\/baixada\/trabalhadores-sao-fundamentais-para-que-haja-reforma-tributaria-justa\/","title":{"rendered":"Trabalhadores s\u00e3o fundamentais para que haja reforma tribut\u00e1ria justa"},"content":{"rendered":"<p>Na abertura do Semin\u00e1rio \u201cReforma Tribut\u00e1ria para um Brasil socialmente justo: desenvolvimento, pol\u00edticas sociais, emprego decente e distribui\u00e7\u00e3o de renda\u201d, que acontece nesta quinta-feira (28), em S\u00e3o Paulo, os organizadores do evento deixaram claro a necessidade de o debate sobre a reforma tribut\u00e1ria ser apropriado pela classe trabalhadora, para que haja uma reforma justa.<\/p>\n<p>Para o presidente do Instituto de Justi\u00e7a Fiscal (IJF), D\u00e3o Real Pereira dos Santos, \u201co sistema tribut\u00e1rio ainda n\u00e3o foi apropriado pelo mundo do trabalho e, por isso, andou no sentido oposto do que prop\u00f5e nossa Constitui\u00e7\u00e3o Federal e apenas beneficia a elite financeira\u201d.<\/p>\n<p>A presidenta do Departamento Intersindical de Estat\u00edstica e Estudos Socioecon\u00f4micos (Dieese), Maria Aparecida Faria, ressaltou que \u201c\u00e9 importante que a sociedade brasileira se insira neste debate para que uma reforma tribut\u00e1ria justa possa acontecer\u201d.<\/p>\n<p>Para a economista Marilane Teixeira, do Centro de Estudos Sindicais e de Economia do Trabalho da Unicamp, o movimento sindical negligencia certos temas, por acreditar que seja um debate para economistas. \u201c\u00c9 impressionante a resist\u00eancia que o debate sobre a reforma tribut\u00e1ria encontrou para se tornar um tema importante ao movimento sindical, movimento que \u00e9 fundamental para conseguirmos avan\u00e7ar no sentido de aprovarmos uma reforma tribut\u00e1ria justa\u201d, disse. \u201cN\u00e3o h\u00e1 como aprov\u00e1-la se n\u00e3o fizermos o necess\u00e1rio debate com a sociedade.\u201d<\/p>\n<p>\u201cEsperamos que este semin\u00e1rio contribua com a amplia\u00e7\u00e3o do debate sobre o tema, mas somente conseguiremos avan\u00e7ar para uma reforma tribut\u00e1ria justa com a participa\u00e7\u00e3o dos trabalhadores\u201d, completou o presidente do Sindicato Nacional dos Auditores-Fiscais da Receita Federal do Brasil (Sindifisco), Isac Moreno Falc\u00e3o dos Santos.<\/p>\n<p>Ao final da abertura, em v\u00eddeo, o vencedor do Pr\u00eamio Nobel de Economia Joseph Eugene Stiglitz, disse que a reforma tribut\u00e1ria \u00e9 importante para que o governo tenha condi\u00e7\u00f5es de arrecadar o necess\u00e1rio para promover o crescimento econ\u00f4mico mais r\u00e1pido, criar empregos e garantir que esses empregos sejam produtivos, o que pode levar \u00e0 sal\u00e1rios mais altos e um melhor padr\u00e3o de vida.<\/p>\n<p><strong>Fonte: Contraf-CUT<\/strong><\/p>\n","protected":false},"excerpt":{"rendered":"<p>Na abertura do Semin\u00e1rio \u201cReforma Tribut\u00e1ria para um Brasil socialmente justo: desenvolvimento, pol\u00edticas sociais, emprego decente e distribui\u00e7\u00e3o de renda\u201d, que acontece nesta quinta-feira (28), em S\u00e3o Paulo, os organizadores do evento deixaram claro a necessidade de o debate sobre a reforma tribut\u00e1ria ser apropriado pela classe trabalhadora, para que haja uma reforma justa. Para [&hellip;]<\/p>\n","protected":false},"author":2,"featured_media":14581,"comment_status":"","ping_status":"","sticky":false,"template":"","format":"standard","meta":{"footnotes":""},"categories":[3],"tags":[],"class_list":["post-14582","post","type-post","status-publish","format-standard","has-post-thumbnail","hentry","category-noticias"],"_links":{"self":[{"href":"https:\/\/hostnetart.com.br\/baixada\/wp-json\/wp\/v2\/posts\/14582","targetHints":{"allow":["GET"]}}],"collection":[{"href":"https:\/\/hostnetart.com.br\/baixada\/wp-json\/wp\/v2\/posts"}],"about":[{"href":"https:\/\/hostnetart.com.br\/baixada\/wp-json\/wp\/v2\/types\/post"}],"author":[{"embeddable":true,"href":"https:\/\/hostnetart.com.br\/baixada\/wp-json\/wp\/v2\/users\/2"}],"replies":[{"embeddable":true,"href":"https:\/\/hostnetart.com.br\/baixada\/wp-json\/wp\/v2\/comments?post=14582"}],"version-history":[{"count":0,"href":"https:\/\/hostnetart.com.br\/baixada\/wp-json\/wp\/v2\/posts\/14582\/revisions"}],"wp:featuredmedia":[{"embeddable":true,"href":"https:\/\/hostnetart.com.br\/baixada\/wp-json\/wp\/v2\/media\/14581"}],"wp:attachment":[{"href":"https:\/\/hostnetart.com.br\/baixada\/wp-json\/wp\/v2\/media?parent=14582"}],"wp:term":[{"taxonomy":"category","embeddable":true,"href":"https:\/\/hostnetart.com.br\/baixada\/wp-json\/wp\/v2\/categories?post=14582"},{"taxonomy":"post_tag","embeddable":true,"href":"https:\/\/hostnetart.com.br\/baixada\/wp-json\/wp\/v2\/tags?post=14582"}],"curies":[{"name":"wp","href":"https:\/\/api.w.org\/{rel}","templated":true}]}}