{"id":14580,"date":"2023-09-27T13:59:32","date_gmt":"2023-09-27T16:59:32","guid":{"rendered":"https:\/\/hostnetart.com.br\/baixada\/comando-nacional-dos-bancarios-se-reune-nesta-quarta-27\/"},"modified":"2023-09-27T13:59:32","modified_gmt":"2023-09-27T16:59:32","slug":"comando-nacional-dos-bancarios-se-reune-nesta-quarta-27","status":"publish","type":"post","link":"https:\/\/hostnetart.com.br\/baixada\/comando-nacional-dos-bancarios-se-reune-nesta-quarta-27\/","title":{"rendered":"Comando Nacional dos Banc\u00e1rios se re\u00fane nesta quarta (27)"},"content":{"rendered":"<p>O Comando Nacional dos Banc\u00e1rios e coordenadores e coordenadoras das Comiss\u00f5es de Organiza\u00e7\u00e3o dos Empregados (COE) dos bancos se re\u00fanem, nesta quarta-feira (27), em S\u00e3o Paulo, na sede da Confedera\u00e7\u00e3o Nacional dos Trabalhadores do Ramo Financeiro (Contraf-CUT) para atualizar informa\u00e7\u00f5es sobre os encaminhamentos dados com rela\u00e7\u00e3o \u00e0s resolu\u00e7\u00f5es da 25\u00aa Confer\u00eancia Nacional dos Banc\u00e1rios e organizar as pr\u00f3ximas a\u00e7\u00f5es.<\/p>\n<p>\u201cEm agosto, realizamos nossa 25\u00aa Confer\u00eancia Nacional. Os trabalhadores do ramo financeiro s\u00e3o exemplos de uni\u00e3o e organiza\u00e7\u00e3o para todas as demais categorias. \u00c9 importante mantermos essa organiza\u00e7\u00e3o e tocarmos as a\u00e7\u00f5es necess\u00e1rias para que as resolu\u00e7\u00f5es tomadas na Confer\u00eancia sejam efetivadas\u201d, disse a presidenta da Confedera\u00e7\u00e3o Nacional dos Trabalhadores do Ramo Financeiro e coordenadora do Comando Nacional dos Banc\u00e1rios, Juvandia Moreira. \u201cTamb\u00e9m vamos dar encaminhamentos relacionados aos apontamentos da consulta realizada com os banc\u00e1rios de todo o pa\u00eds\u201d, completou.<\/p>\n<p>Na ocasi\u00e3o tamb\u00e9m ser\u00e1 lan\u00e7ada a pr\u00f3xima etapa da campanha \u201cMenos Metas, Mais Sa\u00fade\u201d, que visa a melhora das condi\u00e7\u00f5es de trabalho e da sa\u00fade da categoria banc\u00e1ria. Nesta quarta-feira (27), teve in\u00edcio a Pesquisa de Sa\u00fade do Trabalhador Banc\u00e1rio.<\/p>\n<p>Tamb\u00e9m ser\u00e3o debatidos problemas e solu\u00e7\u00f5es relacionadas \u00e0s cobran\u00e7as abusivas de metas impostas pelos bancos \u00e0 categoria banc\u00e1ria, que j\u00e1 est\u00e3o em discuss\u00e3o pelas comiss\u00f5es de empregados com aos bancos, conforme definido na cl\u00e1usula 87 da Conven\u00e7\u00e3o Coletiva de Trabalho (CCT) da categoria.<\/p>\n<p>Os membros do Comando Nacional dos Banc\u00e1rios e coordenadoras, ou coordenadores de comiss\u00f5es que n\u00e3o puderem comparecer presencialmente \u00e0 reuni\u00e3o poder\u00e3o participar remotamente por plataforma de videoconfer\u00eancia.<\/p>\n<p>A reuni\u00e3o come\u00e7ou \u00e0s 10h e segue durante o dia.<\/p>\n<p><strong>Fonte: Contraf-CUT<\/strong><\/p>\n","protected":false},"excerpt":{"rendered":"<p>O Comando Nacional dos Banc\u00e1rios e coordenadores e coordenadoras das Comiss\u00f5es de Organiza\u00e7\u00e3o dos Empregados (COE) dos bancos se re\u00fanem, nesta quarta-feira (27), em S\u00e3o Paulo, na sede da Confedera\u00e7\u00e3o Nacional dos Trabalhadores do Ramo Financeiro (Contraf-CUT) para atualizar informa\u00e7\u00f5es sobre os encaminhamentos dados com rela\u00e7\u00e3o \u00e0s resolu\u00e7\u00f5es da 25\u00aa Confer\u00eancia Nacional dos Banc\u00e1rios e [&hellip;]<\/p>\n","protected":false},"author":2,"featured_media":14579,"comment_status":"","ping_status":"","sticky":false,"template":"","format":"standard","meta":{"footnotes":""},"categories":[3],"tags":[],"class_list":["post-14580","post","type-post","status-publish","format-standard","has-post-thumbnail","hentry","category-noticias"],"_links":{"self":[{"href":"https:\/\/hostnetart.com.br\/baixada\/wp-json\/wp\/v2\/posts\/14580","targetHints":{"allow":["GET"]}}],"collection":[{"href":"https:\/\/hostnetart.com.br\/baixada\/wp-json\/wp\/v2\/posts"}],"about":[{"href":"https:\/\/hostnetart.com.br\/baixada\/wp-json\/wp\/v2\/types\/post"}],"author":[{"embeddable":true,"href":"https:\/\/hostnetart.com.br\/baixada\/wp-json\/wp\/v2\/users\/2"}],"replies":[{"embeddable":true,"href":"https:\/\/hostnetart.com.br\/baixada\/wp-json\/wp\/v2\/comments?post=14580"}],"version-history":[{"count":0,"href":"https:\/\/hostnetart.com.br\/baixada\/wp-json\/wp\/v2\/posts\/14580\/revisions"}],"wp:featuredmedia":[{"embeddable":true,"href":"https:\/\/hostnetart.com.br\/baixada\/wp-json\/wp\/v2\/media\/14579"}],"wp:attachment":[{"href":"https:\/\/hostnetart.com.br\/baixada\/wp-json\/wp\/v2\/media?parent=14580"}],"wp:term":[{"taxonomy":"category","embeddable":true,"href":"https:\/\/hostnetart.com.br\/baixada\/wp-json\/wp\/v2\/categories?post=14580"},{"taxonomy":"post_tag","embeddable":true,"href":"https:\/\/hostnetart.com.br\/baixada\/wp-json\/wp\/v2\/tags?post=14580"}],"curies":[{"name":"wp","href":"https:\/\/api.w.org\/{rel}","templated":true}]}}