{"id":1458,"date":"2013-09-05T00:00:00","date_gmt":"2013-09-05T03:00:00","guid":{"rendered":"https:\/\/hostnetart.com.br\/baixada\/mobilizacao-se-intensifica-e-suspende-novamente-sessao-que-votaria-pl-4330\/"},"modified":"2013-09-05T00:00:00","modified_gmt":"2013-09-05T03:00:00","slug":"mobilizacao-se-intensifica-e-suspende-novamente-sessao-que-votaria-pl-4330","status":"publish","type":"post","link":"https:\/\/hostnetart.com.br\/baixada\/mobilizacao-se-intensifica-e-suspende-novamente-sessao-que-votaria-pl-4330\/","title":{"rendered":"Mobiliza\u00e7\u00e3o se intensifica e suspende novamente sess\u00e3o que votaria PL 4330"},"content":{"rendered":"<p>A mobiliza\u00e7\u00e3o dos trabalhadores, especialmente dos sindicatos da CUT, impediu mais uma vez que o Projeto de Lei (PL) 4330\/2004, que amplia a precariza\u00e7\u00e3o e amea\u00e7a os direitos de todos os trabalhadores com carteira assinada, fosse votado na Comiss\u00e3o de Constitui\u00e7\u00e3o e Justi\u00e7a e de Cidadania da C\u00e2mara (CCJC) nesta quarta-feira 4. Pressionados pelos empres\u00e1rios e bancos, os parlamentares querem agora levar o PL 4330 direto \u00e0 vota\u00e7\u00e3o no plen\u00e1rio da C\u00e2mara, encurtando o prazo de sua tramita\u00e7\u00e3o.<\/p>\n<p>\u00a0<\/p>\n<p>Novamente barrada de entrar no Congresso na manh\u00e3 desta quarta-feira, a milit\u00e2ncia dos sindicatos da CUT, com forte participa\u00e7\u00e3o dos banc\u00e1rios da Contraf-CUT, promoveu uma manifesta\u00e7\u00e3o na porta da C\u00e2mara e a sess\u00e3o que decidiria o destino do PL foi cancelada. O ato contou com o apoio de parlamentares, que deixaram o Congresso e se uniram aos manifestantes, entre eles os deputados federais Ricardo Berzoini e Vicentinho, ambos do PT de S\u00e3o Paulo, Cl\u00e1udio Puty (PT-PA), Dionilso Marcon (PT-RS) e Assis Melo (PCdoB-RS).<\/p>\n<p>\u00a0<\/p>\n<p>\u201cMais uma vez quero agradecer os sindicatos de banc\u00e1rios de todo o pa\u00eds, que compreenderam a gravidade que representa o PL 4330 e mobilizaram a categoria para pressionar os parlamentares em Bras\u00edlia\u201d, acrescenta Carlos Cordeiro, presidente da Contraf-CUT.<\/p>\n<p>\u00a0<\/p>\n<p>\u201cNossa mobiliza\u00e7\u00e3o foi fundamental para barrar at\u00e9 agora a aprova\u00e7\u00e3o do projeto de lei. Se ele for realmente remetido direto para o plen\u00e1rio da C\u00e2mara, ser\u00e1 um retrocesso, uma vez que a tramita\u00e7\u00e3o do PL ter\u00e1 pulado uma etapa, ao passo que queremos arquivar definitivamente o projeto. Nosso desafio ser\u00e1 ainda maior. Seja na CCJC ou no plen\u00e1rio da C\u00e2mara, teremos de manter a press\u00e3o e ampliar muito a mobiliza\u00e7\u00e3o em todo o pa\u00eds para pressionar os parlamentares.\u201d<\/p>\n<p>\u00a0<\/p>\n<p>Desde j\u00e1, a Contraf-CUT orienta os sindicatos a organizarem caravanas com \u00f4nibus para irem a Bras\u00edlia na ter\u00e7a e quarta-feira da pr\u00f3xima semana.<\/p>\n<p>\u00a0<\/p>\n<p>\u00a0<\/p>\n<p><strong>CUT protesta contra viol\u00eancia no Congresso<\/strong><\/p>\n<p>\u00a0<\/p>\n<p>Os parlamentares que deram apoio aos trabalhadores ressaltaram a diferen\u00e7a de tratamento dispensado pela dire\u00e7\u00e3o da C\u00e2mara aos patr\u00f5es e aos trabalhadores. O patronato teve acesso ao pr\u00e9dio e os trabalhadores foram barrados e reprimidos. O presidente da CUT, Vagner Freitas, vai cobrar do presidente da C\u00e2mara, Henrique Eduardo Alves (PMDB-RN), o fim da repress\u00e3o aos trabalhadores.<\/p>\n<p>\u00a0<\/p>\n<p>\u201cN\u00e3o \u00e9 poss\u00edvel que a classe trabalhadora continue apanhando da pol\u00edcia legislativa e da PM na porta da C\u00e2mara como aconteceu ontem e hoje cedo. Quando os empres\u00e1rios v\u00eam, s\u00e3o bem recebidos, n\u00e3o acontece viol\u00eancia nem repress\u00e3o nenhuma. Enquanto n\u00f3s somos recebidos a cacetadas e g\u00e1s de pimenta\u201d, disse Vagner Freitas, referindo-se aos militantes pagos pelos patr\u00f5es, que conseguiram entrar sem grandes problemas na CCJC, enquanto os militantes da CUT eram barrados na porta.<\/p>\n<p>\u00a0<\/p>\n<p>Para a secret\u00e1ria de Rela\u00e7\u00f5es do Trabalho da CUT, Maria das Gra\u00e7as Costa, o cancelamento da vota\u00e7\u00e3o \u00e9 uma vit\u00f3ria da organiza\u00e7\u00e3o dos trabalhadores. Por\u00e9m, da mesma forma que Vagner, Gra\u00e7a tamb\u00e9m criticou a forma como a Central foi recebida na Casa, que deveria ser do povo.<\/p>\n<p>\u00a0<\/p>\n<p>\u201cO que encontramos aqui foram regras que limitam a entrada dos movimentos sociais. \u00c9 porta batida, trancada, \u00e9 policial, \u00e9 seguran\u00e7a nos corredores que foram fechados. E isso deve ser enfrentado, porque fere o relacionamento democr\u00e1tico que a sociedade conquistou a duras penas. Vamos ao governo do DF cobrar puni\u00e7\u00e3o a quem agrediu nossos companheiros. Isso \u00e9 sinal muito ruim para nossa sociedade\u201d, afirmou Gra\u00e7a.<\/p>\n<p>\u00a0<\/p>\n<p>\u00a0<\/p>\n<p><strong>Por que lutar contra o PL 4330<\/strong><\/p>\n<p>\u00a0<\/p>\n<p>Caso seja aprovado como est\u00e1, o PL ampliar\u00e1 ainda mais as condi\u00e7\u00f5es prec\u00e1rias de trabalho e colocar\u00e1 em risco todos os contratados com carteira assinada, j\u00e1 que permitir\u00e1 a terceiriza\u00e7\u00e3o sem limites, em qualquer setor da empresa.<\/p>\n<p>\u00a0<\/p>\n<p>\u201cOs bancos, por exemplo, poder\u00e3o substituir os caixas e gerentes por terceirizados fornecidos por empresas especializadas. Isso seria o fim da categoria banc\u00e1ria e da nossa Conven\u00e7\u00e3o Coletiva\u201d, alerta Miguel Pereira, secret\u00e1rio de Organiza\u00e7\u00e3o da Contraf-CUT.<\/p>\n<p>\u00a0<\/p>\n<p>Estudo de 2011 da CUT e do Dieese mostra que o trabalhador terceirizado fica 2,6 anos a menos no emprego, tem uma jornada de tr\u00eas horas a mais semanalmente e ganha 27% a menos. A cada 10 acidentes de trabalho, oito ocorrem entre terceirizados.<\/p>\n<p>\u00a0<\/p>\n<p>Pronto para ser votado desde maio, o projeto j\u00e1 recebeu aval do relator Arthur Maia (PMDB-BA). Por\u00e9m, a defini\u00e7\u00e3o foi adiada por conta da mobiliza\u00e7\u00e3o dos trabalhadores.<\/p>\n<p>\u00a0<\/p>\n<p><a href=\"http:\/\/www.contrafcut.org.br\/noticias.asp?CodNoticia=35611\" target=\"_blank\" rel=\"noopener noreferrer\">Veja aqui<\/a>\u00a0como foi a \u00faltima rodada de negocia\u00e7\u00e3o da comiss\u00e3o quadripartite (centrais sindicais, empres\u00e1rios, governo e parlamentares), que fracassou em encontrar uma solu\u00e7\u00e3o para a disputa.<\/p>\n<p>\u00a0<\/p>\n<p>E\u00a0<a href=\"http:\/\/www.contrafcut.org.br\/noticias.asp?CodNoticia=35592\" target=\"_blank\" rel=\"noopener noreferrer\">leia aqui<\/a>\u00a0como lei semelhante ao PL 4330 aniquilou a categoria banc\u00e1ria no M\u00e9xico.<\/p>\n<p>\u00a0<\/p>\n<p>Veja tamb\u00e9m como a\u00a0<a href=\"http:\/\/www.contrafcut.org.br\/noticias.asp?CodNoticia=35618\" target=\"_blank\" rel=\"noopener noreferrer\">maioria do TST \u00e9 contra o PL\u00a0<\/a>da terceiriza\u00e7\u00e3o e conhe\u00e7a e a\u00a0<a href=\"http:\/\/www.contrafcut.org.br\/noticias.asp?CodNoticia=35619\" target=\"_blank\" rel=\"noopener noreferrer\">carta da Associa\u00e7\u00e3o Nacional dos Magistrados do Trabalho\u00a0<\/a>(Anamatra) apontando os riscos da aprova\u00e7\u00e3o do projeto de lei do patronato.<\/p>\n<p>\u00a0<\/p>\n<p>Fonte: Contraf-CUT, com CUT<\/p>\n","protected":false},"excerpt":{"rendered":"<p>A mobiliza\u00e7\u00e3o dos trabalhadores, especialmente dos sindicatos da CUT, impediu mais uma vez que o Projeto de Lei (PL) 4330\/2004, que amplia a precariza\u00e7\u00e3o e amea\u00e7a os direitos de todos os trabalhadores com carteira assinada, fosse votado na Comiss\u00e3o de Constitui\u00e7\u00e3o e Justi\u00e7a e de Cidadania da C\u00e2mara (CCJC) nesta quarta-feira 4. Pressionados pelos empres\u00e1rios [&hellip;]<\/p>\n","protected":false},"author":1,"featured_media":0,"comment_status":"","ping_status":"","sticky":false,"template":"","format":"standard","meta":{"footnotes":""},"categories":[3],"tags":[],"class_list":["post-1458","post","type-post","status-publish","format-standard","hentry","category-noticias"],"_links":{"self":[{"href":"https:\/\/hostnetart.com.br\/baixada\/wp-json\/wp\/v2\/posts\/1458","targetHints":{"allow":["GET"]}}],"collection":[{"href":"https:\/\/hostnetart.com.br\/baixada\/wp-json\/wp\/v2\/posts"}],"about":[{"href":"https:\/\/hostnetart.com.br\/baixada\/wp-json\/wp\/v2\/types\/post"}],"author":[{"embeddable":true,"href":"https:\/\/hostnetart.com.br\/baixada\/wp-json\/wp\/v2\/users\/1"}],"replies":[{"embeddable":true,"href":"https:\/\/hostnetart.com.br\/baixada\/wp-json\/wp\/v2\/comments?post=1458"}],"version-history":[{"count":0,"href":"https:\/\/hostnetart.com.br\/baixada\/wp-json\/wp\/v2\/posts\/1458\/revisions"}],"wp:attachment":[{"href":"https:\/\/hostnetart.com.br\/baixada\/wp-json\/wp\/v2\/media?parent=1458"}],"wp:term":[{"taxonomy":"category","embeddable":true,"href":"https:\/\/hostnetart.com.br\/baixada\/wp-json\/wp\/v2\/categories?post=1458"},{"taxonomy":"post_tag","embeddable":true,"href":"https:\/\/hostnetart.com.br\/baixada\/wp-json\/wp\/v2\/tags?post=1458"}],"curies":[{"name":"wp","href":"https:\/\/api.w.org\/{rel}","templated":true}]}}