{"id":14574,"date":"2023-09-25T15:58:00","date_gmt":"2023-09-25T18:58:00","guid":{"rendered":"https:\/\/hostnetart.com.br\/baixada\/manifesto-em-defesa-dos-dirigentes-da-previc-e-protocolado-no-ministerio-da-previdencia-social\/"},"modified":"2023-09-25T15:58:00","modified_gmt":"2023-09-25T18:58:00","slug":"manifesto-em-defesa-dos-dirigentes-da-previc-e-protocolado-no-ministerio-da-previdencia-social","status":"publish","type":"post","link":"https:\/\/hostnetart.com.br\/baixada\/manifesto-em-defesa-dos-dirigentes-da-previc-e-protocolado-no-ministerio-da-previdencia-social\/","title":{"rendered":"Manifesto em defesa dos dirigentes da Previc \u00e9 protocolado no Minist\u00e9rio da Previd\u00eancia Social"},"content":{"rendered":"<p>Marcel Barros, presidente da Associa\u00e7\u00e3o Nacional dos Participantes de Fundos de Pens\u00e3o e dos Benefici\u00e1rios de Sa\u00fade Suplementar de Autogest\u00e3o (Anapar), e Ant\u00f4nio Braulio de Carvalho, diretor de Administra\u00e7\u00e3o e Finan\u00e7as da entidade, se reuniram com Paulo Roberto dos Santos Pinto, secret\u00e1rio do Regime Pr\u00f3prio e Complementar do Minist\u00e9rio da Previd\u00eancia Social, na quinta-feira (21), para apresentar e protocolar um manifesto em defesa dos dirigentes da Superintend\u00eancia Nacional de Previd\u00eancia Complementar (Previc).<\/p>\n<p>O manifesto tamb\u00e9m foi assinado pela Confedera\u00e7\u00e3o Nacional dos Trabalhadores do Ramo Financeiro (Contraf-CUT) e pelo Sindicato dos Banc\u00e1rios e Financi\u00e1rios de Curitiba; Sindicato dos Banc\u00e1rios de Bragan\u00e7a Paulista e Regi\u00e3o; Sindicato dos Banc\u00e1rios de S\u00e3o Paulo, Osasco e Regi\u00e3o; Associa\u00e7\u00e3o dos Funcion\u00e1rios do Grupo Santander Banespa, Banesprev e Cabesp (Afubesp); Federa\u00e7\u00e3o dos Trabalhadores do Ramo Financeiro do Nordeste (Fetrafi NE); Federa\u00e7\u00e3o dos Empregados em Estabelecimentos Banc\u00e1rios dos Estados de S\u00e3o Paulo e Mato Grosso do Sul (FEEB SP\/MS); Associa\u00e7\u00e3o do Pessoal da Caixa Econ\u00f4mica Federal de S\u00e3o Paulo (Apcef SP); Sindicato dos Banc\u00e1rios do Piau\u00ed (SEEBF-PI); Sindicato dos Trabalhadores Energ\u00e9ticos do Estado de S\u00e3o Paulo (Sinergia CUT); Sindicato dos Banc\u00e1rios de Porto Alegre; e Federa\u00e7\u00e3o dos Trabalhadores do Ramo Financeiro do Rio Grande do Sul (Fetrafi RS).<\/p>\n<p>Leiam o manifesto na \u00edntegra:<\/p>\n<p><strong>MANISFESTO EM APOIO AOS DIRIGENTES DA PREVIC<\/strong><\/p>\n<ol>\n<li>Entendemos a import\u00e2ncia de ter uma Superintend\u00eancia Nacional da Previd\u00eancia Complementar \u2013 PREVIC forte, estruturada, \u00e1gil, transparente e alinhada \u00e0s expectativas do setor. Estas s\u00e3o as determina\u00e7\u00f5es espec\u00edficas para o sistema oriundas da Equipe de Transi\u00e7\u00e3o de Governo de 2022, incorporadas do plano de governo do Presidente Lula.<\/li>\n<\/ol>\n<ol start=\"2\">\n<li>At\u00e9 o momento o saldo se apresenta positivo: participa\u00e7\u00e3o efetiva em v\u00e1rios f\u00f3runs de discuss\u00e3o e debates promovidos pelas Entidades de representa\u00e7\u00e3o da Sociedade ligadas ao tema; participa\u00e7\u00e3o destacada no Grupo de Trabalho institu\u00eddo pelo Decreto n\u00ba 11.543\/2023, oferecendo apoio t\u00e9cnico para\u00a0 proposta de diferimento (suspens\u00e3o) das contribui\u00e7\u00f5es extraordin\u00e1rias, bem como para a suspens\u00e3o das retiradas de patroc\u00ednio; trabalho para reerguer a estrutura administrativa da Autarquia (concurso p\u00fablico, or\u00e7amento e investimentos em TI); devolu\u00e7\u00e3o dos mandatos de dirigentes eleitos; realinhamento na interpreta\u00e7\u00e3o de regulamento e normas visando observar os interesses dos participantes e assistidos; aprova\u00e7\u00e3o da Resolu\u00e7\u00e3o n\u00ba 23, de 14 de agosto de 2023, que conferiu maior dinamismo para a gest\u00e3o e governan\u00e7a das funda\u00e7\u00f5es, dentre outras melhorias.<\/li>\n<\/ol>\n<ol start=\"3\">\n<li>Entretanto, como se constata, os diretores da Previc est\u00e3o sendo v\u00edtimas de uma tentativa cont\u00ednua de desgastes e de todo o tipo de press\u00e3o poss\u00edveis. Internamente, o corpo t\u00e9cnico, que \u00e9 composto em grande maioria por auditores e procuradores, resiste ao novo comando e se agarram ao modelo punitivista do passado. Da mesma forma, na burocracia estatal com a qual a Superintend\u00eancia se relaciona, o comportamento dos tecnocratas do governo\u00a0 segue o mesmo padr\u00e3o dos servidores p\u00fablicos em exerc\u00edcio na Autarquia. \u00c9 necess\u00e1rio destacar que a maioria desses servidores vieram dos governos passados e que a regula\u00e7\u00e3o e normatiza\u00e7\u00e3o que precisam ser revistas foram elaboradas por eles.<\/li>\n<\/ol>\n<ol start=\"4\">\n<li>Externamente, as empresas patrocinadoras que perderam o controle sobre as decis\u00f5es da Previc tentam por todos os meios paralisar os trabalhos atuais. Fazem graves amea\u00e7as, tanto na justi\u00e7a (com Mandado de Seguran\u00e7a), como fora dela, para n\u00e3o permitir qualquer avan\u00e7o nas decis\u00f5es da Autarquia. Destacam-se os ataques de Associa\u00e7\u00f5es e Sindicatos de Auditores, processo do TCU, A\u00e7\u00e3o Civil proposta pelo deputado conservador, dois Mandados de Seguran\u00e7a contra os diretores, A\u00e7\u00e3o Popular contra o diretor de normas, tentativa de destitui\u00e7\u00e3o do diretor de fiscaliza\u00e7\u00e3o e monitoramento, A\u00e7\u00e3o P\u00fablica proposta pela Associa\u00e7\u00e3o dos Economi\u00e1rios Aposentados do Paran\u00e1 (AEA-PR) contra a Resolu\u00e7\u00e3o n\u00ba 23, fake news e den\u00fancia an\u00f4nima contra o diretor superintendente, v\u00e1rios of\u00edcios, cartas, den\u00fancias aos \u00d3rg\u00e3os de Controle, etc., tudo para tumultuar os trabalhos rotineiros e impedir que se alterem as regras regressivas outrora estabelecidas.<\/li>\n<\/ol>\n<ol start=\"5\">\n<li>Pelo exposto, consignamos nosso total apoio \u00e0s decis\u00f5es e iniciativa republicanas e garantistas at\u00e9 o momento propostas pela atual Diretoria da Previc, entendendo que este \u00e9 o melhor caminho para a consolida\u00e7\u00e3o de um Sistema de Previd\u00eancia Complementar mais robusto, justo, abrangente, solid\u00e1rio e \u00fatil aos participantes, assistidos, aos patrocinadores e ao governo, capaz de retomar a poupan\u00e7a previdenci\u00e1ria de longo prazo necess\u00e1ria para o desenvolvimento econ\u00f4mico e social do Pa\u00eds.<\/li>\n<\/ol>\n<p>Bras\u00edlia-DF, 21 de setembro de 2023.<\/p>\n<p><b>Fonte: Contraf-CUT<\/b><\/p>\n","protected":false},"excerpt":{"rendered":"<p>Marcel Barros, presidente da Associa\u00e7\u00e3o Nacional dos Participantes de Fundos de Pens\u00e3o e dos Benefici\u00e1rios de Sa\u00fade Suplementar de Autogest\u00e3o (Anapar), e Ant\u00f4nio Braulio de Carvalho, diretor de Administra\u00e7\u00e3o e Finan\u00e7as da entidade, se reuniram com Paulo Roberto dos Santos Pinto, secret\u00e1rio do Regime Pr\u00f3prio e Complementar do Minist\u00e9rio da Previd\u00eancia Social, na quinta-feira (21), [&hellip;]<\/p>\n","protected":false},"author":2,"featured_media":14573,"comment_status":"","ping_status":"","sticky":false,"template":"","format":"standard","meta":{"footnotes":""},"categories":[3],"tags":[],"class_list":["post-14574","post","type-post","status-publish","format-standard","has-post-thumbnail","hentry","category-noticias"],"_links":{"self":[{"href":"https:\/\/hostnetart.com.br\/baixada\/wp-json\/wp\/v2\/posts\/14574","targetHints":{"allow":["GET"]}}],"collection":[{"href":"https:\/\/hostnetart.com.br\/baixada\/wp-json\/wp\/v2\/posts"}],"about":[{"href":"https:\/\/hostnetart.com.br\/baixada\/wp-json\/wp\/v2\/types\/post"}],"author":[{"embeddable":true,"href":"https:\/\/hostnetart.com.br\/baixada\/wp-json\/wp\/v2\/users\/2"}],"replies":[{"embeddable":true,"href":"https:\/\/hostnetart.com.br\/baixada\/wp-json\/wp\/v2\/comments?post=14574"}],"version-history":[{"count":0,"href":"https:\/\/hostnetart.com.br\/baixada\/wp-json\/wp\/v2\/posts\/14574\/revisions"}],"wp:featuredmedia":[{"embeddable":true,"href":"https:\/\/hostnetart.com.br\/baixada\/wp-json\/wp\/v2\/media\/14573"}],"wp:attachment":[{"href":"https:\/\/hostnetart.com.br\/baixada\/wp-json\/wp\/v2\/media?parent=14574"}],"wp:term":[{"taxonomy":"category","embeddable":true,"href":"https:\/\/hostnetart.com.br\/baixada\/wp-json\/wp\/v2\/categories?post=14574"},{"taxonomy":"post_tag","embeddable":true,"href":"https:\/\/hostnetart.com.br\/baixada\/wp-json\/wp\/v2\/tags?post=14574"}],"curies":[{"name":"wp","href":"https:\/\/api.w.org\/{rel}","templated":true}]}}