{"id":1457,"date":"2013-09-05T00:00:00","date_gmt":"2013-09-05T03:00:00","guid":{"rendered":"https:\/\/hostnetart.com.br\/baixada\/comando-volta-a-negociar-com-bancos-nesta-quinta-e-quer-proposta-decente\/"},"modified":"2013-09-05T00:00:00","modified_gmt":"2013-09-05T03:00:00","slug":"comando-volta-a-negociar-com-bancos-nesta-quinta-e-quer-proposta-decente","status":"publish","type":"post","link":"https:\/\/hostnetart.com.br\/baixada\/comando-volta-a-negociar-com-bancos-nesta-quinta-e-quer-proposta-decente\/","title":{"rendered":"Comando volta a negociar com bancos nesta quinta e quer proposta decente"},"content":{"rendered":"<p>O Comando Nacional dos Banc\u00e1rios, coordenado pela Contraf-CUT, se re\u00fane nesta quinta (5), \u00e0s 14h, com a Fenaban, em S\u00e3o Paulo para a quarta rodada de negocia\u00e7\u00f5es da Campanha Nacional 2013 . Nas tr\u00eas rodadas anteriores, os banc\u00e1rios discutiram as reivindica\u00e7\u00f5es sobre sa\u00fade e condi\u00e7\u00f5es de trabalho, seguran\u00e7a, emprego, igualdade de oportunidades e remunera\u00e7\u00e3o. Nada foi apresentado pelos bancos, que ficaram de trazer uma proposta nesta quinta.<\/p>\n<p>\u00a0<br \/>\u201cEsperamos que os bancos coloquem na mesa de negocia\u00e7\u00e3o uma proposta decente sobre todas as reivindica\u00e7\u00f5es da categoria. Com o lucro l\u00edquido de R$ 29,6 bilh\u00f5es no primeiro semestre que os seis maiores bancos auferiram, n\u00e3o h\u00e1 motivo para negar as demandas dos banc\u00e1rios\u201d, afirma Carlos Cordeiro, presidente da Contraf-CUT e coordenador do Comando Nacional.<\/p>\n<p>\u00a0<\/p>\n<p>\u00a0<\/p>\n<p><strong>Principais reivindica\u00e7\u00f5es da Campanha Nacional dos Banc\u00e1rios 2013<\/strong><\/p>\n<p>\u00a0<\/p>\n<p>Reajuste salarial de 11,93% (5% de aumento real mais infla\u00e7\u00e3o projetada de 6,6%)<\/p>\n<p>\u00a0<\/p>\n<p>&gt; PLR: tr\u00eas sal\u00e1rios mais R$ 5.553,15.<\/p>\n<p>&gt; Piso: R$ 2.860,21 (sal\u00e1rio m\u00ednimo do Dieese).<\/p>\n<p>&gt; Vales alimenta\u00e7\u00e3o, refei\u00e7\u00e3o, 13\u00aa cesta e aux\u00edlio-creche\/bab\u00e1: R$ 678 ao m\u00eas para cada (sal\u00e1rio m\u00ednimo nacional).<\/p>\n<p>&gt; Melhores condi\u00e7\u00f5es de trabalho, com o fim das metas abusivas e do ass\u00e9dio moral que adoece os banc\u00e1rios.<\/p>\n<p>&gt; Emprego: fim das demiss\u00f5es, mais contrata\u00e7\u00f5es, aumento da inclus\u00e3o banc\u00e1ria, combate \u00e0s terceiriza\u00e7\u00f5es, especialmente ao PL 4330 que precariza as condi\u00e7\u00f5es de trabalho, al\u00e9m da aprova\u00e7\u00e3o da Conven\u00e7\u00e3o 158 da OIT, que pro\u00edbe as dispensas imotivadas.<\/p>\n<p>&gt; Plano de Cargos, Carreiras e Sal\u00e1rios (PCCS) para todos os banc\u00e1rios.<\/p>\n<p>&gt; Aux\u00edlio-educa\u00e7\u00e3o: pagamento para gradua\u00e7\u00e3o e p\u00f3s-gradua\u00e7\u00e3o.<\/p>\n<p>&gt; Preven\u00e7\u00e3o contra assaltos e sequestros, com o fim da guarda das chaves de cofres e ag\u00eancias por banc\u00e1rios.<\/p>\n<p>&gt; Igualdade de oportunidades para banc\u00e1rios e banc\u00e1rias, com a contrata\u00e7\u00e3o de pelo menos 20% de negros e negras<\/p>\n<p>\u00a0<\/p>\n<p>\u00a0<\/p>\n<p><strong>Reuni\u00e3o do Comando Nacional<\/strong><\/p>\n<p>\u00a0<\/p>\n<p>Ap\u00f3s a negocia\u00e7\u00e3o, o Comando Nacional se reunir\u00e1 para fazer uma avalia\u00e7\u00e3o da proposta a ser apresentada pelos bancos e definir orienta\u00e7\u00f5es para sindicatos e federa\u00e7\u00f5es.<\/p>\n<p>\u00a0<\/p>\n<p>Fonte: Contraf-CUT<\/p>\n","protected":false},"excerpt":{"rendered":"<p>O Comando Nacional dos Banc\u00e1rios, coordenado pela Contraf-CUT, se re\u00fane nesta quinta (5), \u00e0s 14h, com a Fenaban, em S\u00e3o Paulo para a quarta rodada de negocia\u00e7\u00f5es da Campanha Nacional 2013 . Nas tr\u00eas rodadas anteriores, os banc\u00e1rios discutiram as reivindica\u00e7\u00f5es sobre sa\u00fade e condi\u00e7\u00f5es de trabalho, seguran\u00e7a, emprego, igualdade de oportunidades e remunera\u00e7\u00e3o. Nada [&hellip;]<\/p>\n","protected":false},"author":1,"featured_media":0,"comment_status":"","ping_status":"","sticky":false,"template":"","format":"standard","meta":{"footnotes":""},"categories":[3],"tags":[],"class_list":["post-1457","post","type-post","status-publish","format-standard","hentry","category-noticias"],"_links":{"self":[{"href":"https:\/\/hostnetart.com.br\/baixada\/wp-json\/wp\/v2\/posts\/1457","targetHints":{"allow":["GET"]}}],"collection":[{"href":"https:\/\/hostnetart.com.br\/baixada\/wp-json\/wp\/v2\/posts"}],"about":[{"href":"https:\/\/hostnetart.com.br\/baixada\/wp-json\/wp\/v2\/types\/post"}],"author":[{"embeddable":true,"href":"https:\/\/hostnetart.com.br\/baixada\/wp-json\/wp\/v2\/users\/1"}],"replies":[{"embeddable":true,"href":"https:\/\/hostnetart.com.br\/baixada\/wp-json\/wp\/v2\/comments?post=1457"}],"version-history":[{"count":0,"href":"https:\/\/hostnetart.com.br\/baixada\/wp-json\/wp\/v2\/posts\/1457\/revisions"}],"wp:attachment":[{"href":"https:\/\/hostnetart.com.br\/baixada\/wp-json\/wp\/v2\/media?parent=1457"}],"wp:term":[{"taxonomy":"category","embeddable":true,"href":"https:\/\/hostnetart.com.br\/baixada\/wp-json\/wp\/v2\/categories?post=1457"},{"taxonomy":"post_tag","embeddable":true,"href":"https:\/\/hostnetart.com.br\/baixada\/wp-json\/wp\/v2\/tags?post=1457"}],"curies":[{"name":"wp","href":"https:\/\/api.w.org\/{rel}","templated":true}]}}