{"id":14568,"date":"2023-09-22T15:47:23","date_gmt":"2023-09-22T18:47:23","guid":{"rendered":"https:\/\/hostnetart.com.br\/baixada\/emprego-bancario-continua-em-queda\/"},"modified":"2023-09-22T15:47:23","modified_gmt":"2023-09-22T18:47:23","slug":"emprego-bancario-continua-em-queda","status":"publish","type":"post","link":"https:\/\/hostnetart.com.br\/baixada\/emprego-bancario-continua-em-queda\/","title":{"rendered":"Emprego banc\u00e1rio continua em queda"},"content":{"rendered":"<p>O setor banc\u00e1rio perdeu 634 postos de trabalho em julho, segundo Pesquisa do Emprego Banc\u00e1rio (PEB), realizada pelo Departamento Intersindical de Estat\u00edstica e Estudos Socioecon\u00f4micos (<a href=\"https:\/\/www.dieese.org.br\/\" target=\"_blank\" rel=\"noopener noreferrer\">Dieese<\/a>), com base nos dados do\u00a0<a href=\"http:\/\/pdet.mte.gov.br\/novo-caged\" target=\"_blank\" rel=\"noopener noreferrer\">Novo Caged<\/a>\u00a0(Cadastro Geral de Empregados e Desempregados). \u00c9 o d\u00e9cimo m\u00eas consecutivo com redu\u00e7\u00e3o do n\u00famero de postos de trabalho. O \u00faltimo m\u00eas com aumento de postos foi em setembro de 2022. Desde ent\u00e3o, nos dez meses seguintes, houve uma redu\u00e7\u00e3o de 6.273 postos de trabalho na categoria banc\u00e1ria.<\/p>\n<p>O saldo de postos de trabalho \u00e9 a diferen\u00e7a entre o n\u00famero de admiss\u00f5es e de demiss\u00f5es.<\/p>\n<p>\u201cIdentificamos que houve redu\u00e7\u00e3o de postos de trabalho tantos nas pequenas ag\u00eancias banc\u00e1rias quanto nas matrizes, onde h\u00e1 aloca\u00e7\u00e3o de grande n\u00famero de trabalhadores\u201d, disse a economista Vivian Machado, do Dieese, uma das respons\u00e1veis pela pesquisa.<\/p>\n<h3><strong>Menos bancos, mais desemprego<\/strong><\/h3>\n<p>Os dados de 2023 mostram que, de janeiro a julho, 61,09% dos postos de trabalho reduzidos (3.494) foram em estabelecimentos com at\u00e9 50 empregados e 22% (1.258) nas unidades com mais de 1.000 trabalhadores.<\/p>\n<p>\u201cAl\u00e9m de fecharem postos de trabalho em todos os tipos de unidades, tamb\u00e9m constatamos que os bancos reduzem o emprego em todo o pa\u00eds. Por isso, iniciamos a campanha #BancoParaTodos, contra as demiss\u00f5es e o fechamento de ag\u00eancias banc\u00e1rias e pela garantia da obriga\u00e7\u00e3o da oferta de servi\u00e7os banc\u00e1rios para toda a popula\u00e7\u00e3o\u201d, disse o secret\u00e1rio de Assuntos Socioecon\u00f4micos da Confedera\u00e7\u00e3o Nacional dos Trabalhadores do Ramo Financeiro (Contraf-CUT), Walcir Previtale.<\/p>\n<p>Dados do Banco Central mostram que 42% dos munic\u00edpios brasileiros n\u00e3o possuem nenhuma ag\u00eancia banc\u00e1ria. \u201cIsso tem prejudicado os clientes, que s\u00e3o obrigados a percorrer longas dist\u00e2ncias quando precisam de atendimento presencial. E, durante a pandemia, vimos que muita gente precisa ser atendida presencialmente, seja pela falta se acesso, ou pela necessidade de aux\u00edlio no uso da tecnologia, seja por preferir o atendimento humanizado\u201d, ressaltou o secret\u00e1rio de Assuntos Socioecon\u00f4micos da Contraf-CUT.<\/p>\n<h3><strong>Redu\u00e7\u00e3o da categoria<\/strong><\/h3>\n<p>Al\u00e9m da redu\u00e7\u00e3o absoluta dos postos de trabalho, o setor banc\u00e1rio vem perdendo espa\u00e7o no ramo financeiro. Ao contr\u00e1rio do que vem acontecendo com os banc\u00e1rios, nas demais categorias do ramo foram criadas novas vagas. Mesmo com redu\u00e7\u00e3o dos banc\u00e1rios, no ramo financeiro como um todo foram abertos 1.866 postos de trabalho em julho. Nos \u00faltimos 12 meses, foram criados 15,8 mil postos de trabalho, uma m\u00e9dia de 1,3 mil postos\/m\u00eas.<\/p>\n<p>Dentre as atividades do ramo financeiro que apresentaram maior saldo positivo em julho, destacam-se o cr\u00e9dito cooperativo (+1.038 postos); as atividades de intermedi\u00e1rios em transa\u00e7\u00f5es de t\u00edtulos, valores mobili\u00e1rios e mercadorias (+575 postos) e planos de sa\u00fade (+250 postos).<\/p>\n<p>Leia a\u00a0<a href=\"https:\/\/contrafcut.com.br\/peb-no-26-setembro-2023\/\" target=\"_blank\" rel=\"noopener noreferrer\">\u00edntegra da Pesquisa<\/a>\u00a0do Emprego Banc\u00e1rio.<\/p>\n<p><strong>Fonte: Contraf-CUT<\/strong><\/p>\n","protected":false},"excerpt":{"rendered":"<p>O setor banc\u00e1rio perdeu 634 postos de trabalho em julho, segundo Pesquisa do Emprego Banc\u00e1rio (PEB), realizada pelo Departamento Intersindical de Estat\u00edstica e Estudos Socioecon\u00f4micos (Dieese), com base nos dados do\u00a0Novo Caged\u00a0(Cadastro Geral de Empregados e Desempregados). \u00c9 o d\u00e9cimo m\u00eas consecutivo com redu\u00e7\u00e3o do n\u00famero de postos de trabalho. O \u00faltimo m\u00eas com aumento [&hellip;]<\/p>\n","protected":false},"author":2,"featured_media":14567,"comment_status":"","ping_status":"","sticky":false,"template":"","format":"standard","meta":{"footnotes":""},"categories":[3],"tags":[],"class_list":["post-14568","post","type-post","status-publish","format-standard","has-post-thumbnail","hentry","category-noticias"],"_links":{"self":[{"href":"https:\/\/hostnetart.com.br\/baixada\/wp-json\/wp\/v2\/posts\/14568","targetHints":{"allow":["GET"]}}],"collection":[{"href":"https:\/\/hostnetart.com.br\/baixada\/wp-json\/wp\/v2\/posts"}],"about":[{"href":"https:\/\/hostnetart.com.br\/baixada\/wp-json\/wp\/v2\/types\/post"}],"author":[{"embeddable":true,"href":"https:\/\/hostnetart.com.br\/baixada\/wp-json\/wp\/v2\/users\/2"}],"replies":[{"embeddable":true,"href":"https:\/\/hostnetart.com.br\/baixada\/wp-json\/wp\/v2\/comments?post=14568"}],"version-history":[{"count":0,"href":"https:\/\/hostnetart.com.br\/baixada\/wp-json\/wp\/v2\/posts\/14568\/revisions"}],"wp:featuredmedia":[{"embeddable":true,"href":"https:\/\/hostnetart.com.br\/baixada\/wp-json\/wp\/v2\/media\/14567"}],"wp:attachment":[{"href":"https:\/\/hostnetart.com.br\/baixada\/wp-json\/wp\/v2\/media?parent=14568"}],"wp:term":[{"taxonomy":"category","embeddable":true,"href":"https:\/\/hostnetart.com.br\/baixada\/wp-json\/wp\/v2\/categories?post=14568"},{"taxonomy":"post_tag","embeddable":true,"href":"https:\/\/hostnetart.com.br\/baixada\/wp-json\/wp\/v2\/tags?post=14568"}],"curies":[{"name":"wp","href":"https:\/\/api.w.org\/{rel}","templated":true}]}}