{"id":14564,"date":"2023-09-21T11:55:58","date_gmt":"2023-09-21T14:55:58","guid":{"rendered":"https:\/\/hostnetart.com.br\/baixada\/gt-de-saude-do-itau-debate-programa-sobre-saude-mental\/"},"modified":"2023-09-21T11:55:58","modified_gmt":"2023-09-21T14:55:58","slug":"gt-de-saude-do-itau-debate-programa-sobre-saude-mental","status":"publish","type":"post","link":"https:\/\/hostnetart.com.br\/baixada\/gt-de-saude-do-itau-debate-programa-sobre-saude-mental\/","title":{"rendered":"GT de Sa\u00fade do Ita\u00fa debate programa sobre sa\u00fade mental"},"content":{"rendered":"<p>O Grupo de Trabalho (GT) de Sa\u00fade do Ita\u00fa reuniu-se nesta quarta-feira (20) com a dire\u00e7\u00e3o do banco para discutir o programa de sa\u00fade mental proposto pela institui\u00e7\u00e3o financeira. Durante a reuni\u00e3o, o representante da \u00e1rea de sa\u00fade ocupacional e o m\u00e9dico do trabalho do Ita\u00fa fizeram uma apresenta\u00e7\u00e3o do programa, que busca abordar o adoecimento mental como um fen\u00f4meno multifatorial.<\/p>\n<p>O programa apresentado pelo banco tem como principais objetivos quebrar o tabu em torno do adoecimento mental, reduzir o estigma associado ele, treinar l\u00edderes com habilidades socioemocionais para lidar com o tema e prevenir o adoecimento. Al\u00e9m disso, prop\u00f5e a realiza\u00e7\u00e3o de a\u00e7\u00f5es preventivas com foco na organiza\u00e7\u00e3o do trabalho, incluindo o monitoramento de indicadores para um mapeamento efetivo.<\/p>\n<p>Luciana Duarte, coordenadora do Grupo de Trabalho de Sa\u00fade do Ita\u00fa, destacou a import\u00e2ncia da iniciativa. \u201cA cria\u00e7\u00e3o deste programa \u00e9 um passo positivo ap\u00f3s nossas den\u00fancias sobre n\u00fameros alarmantes de doen\u00e7as ps\u00edquicas relacionadas ao trabalho no banco Ita\u00fa. No entanto, cobramos que os programas n\u00e3o fiquem apenas nas apresenta\u00e7\u00f5es e se tornem uma realidade na vida dos trabalhadores, diminuindo o n\u00famero de adoecimentos e melhorando a qualidade de vida no trabalho.\u201d<\/p>\n<p>Ela tamb\u00e9m ressaltou a necessidade de treinamento para a gest\u00e3o. \u201cPara que os trabalhadores se sintam \u00e0 vontade para expressar suas queixas, \u00e9 fundamental que o ass\u00e9dio moral e sexual seja eliminado, pois ningu\u00e9m vai desabafar sobre ass\u00e9dio com um assediador.\u201d<\/p>\n<p>O GT de Sa\u00fade do Ita\u00fa demandou melhorias no atendimento e no treinamento dos m\u00e9dicos das cl\u00ednicas conveniadas, visando a melhor prepara\u00e7\u00e3o para lidar com trabalhadores adoecidos. Tamb\u00e9m foi cobrada a extens\u00e3o e melhoria do programa Recomece, considerando que 30 dias n\u00e3o s\u00e3o suficientes para a readapta\u00e7\u00e3o no retorno de licen\u00e7a.<\/p>\n<p>Por fim, a equipe do GT de Sa\u00fade enfatizou a import\u00e2ncia de que os programas propostos se estendam por todo o pa\u00eds e anunciou que ir\u00e1 acompanhar de perto a implementa\u00e7\u00e3o e os resultados dessas iniciativas. \u201cA busca por um ambiente de trabalho mais saud\u00e1vel e acolhedor \u00e9 um compromisso que deve ser de todos os envolvidos, e o Grupo de Trabalho de Sa\u00fade do Ita\u00fa est\u00e1 determinado a garantir que essa meta seja alcan\u00e7ada\u201d, completou a coordenadora.<\/p>\n<p><b>Fonte: Contraf-CUT<\/b><\/p>\n","protected":false},"excerpt":{"rendered":"<p>O Grupo de Trabalho (GT) de Sa\u00fade do Ita\u00fa reuniu-se nesta quarta-feira (20) com a dire\u00e7\u00e3o do banco para discutir o programa de sa\u00fade mental proposto pela institui\u00e7\u00e3o financeira. Durante a reuni\u00e3o, o representante da \u00e1rea de sa\u00fade ocupacional e o m\u00e9dico do trabalho do Ita\u00fa fizeram uma apresenta\u00e7\u00e3o do programa, que busca abordar o [&hellip;]<\/p>\n","protected":false},"author":2,"featured_media":14563,"comment_status":"","ping_status":"","sticky":false,"template":"","format":"standard","meta":{"footnotes":""},"categories":[3],"tags":[],"class_list":["post-14564","post","type-post","status-publish","format-standard","has-post-thumbnail","hentry","category-noticias"],"_links":{"self":[{"href":"https:\/\/hostnetart.com.br\/baixada\/wp-json\/wp\/v2\/posts\/14564","targetHints":{"allow":["GET"]}}],"collection":[{"href":"https:\/\/hostnetart.com.br\/baixada\/wp-json\/wp\/v2\/posts"}],"about":[{"href":"https:\/\/hostnetart.com.br\/baixada\/wp-json\/wp\/v2\/types\/post"}],"author":[{"embeddable":true,"href":"https:\/\/hostnetart.com.br\/baixada\/wp-json\/wp\/v2\/users\/2"}],"replies":[{"embeddable":true,"href":"https:\/\/hostnetart.com.br\/baixada\/wp-json\/wp\/v2\/comments?post=14564"}],"version-history":[{"count":0,"href":"https:\/\/hostnetart.com.br\/baixada\/wp-json\/wp\/v2\/posts\/14564\/revisions"}],"wp:featuredmedia":[{"embeddable":true,"href":"https:\/\/hostnetart.com.br\/baixada\/wp-json\/wp\/v2\/media\/14563"}],"wp:attachment":[{"href":"https:\/\/hostnetart.com.br\/baixada\/wp-json\/wp\/v2\/media?parent=14564"}],"wp:term":[{"taxonomy":"category","embeddable":true,"href":"https:\/\/hostnetart.com.br\/baixada\/wp-json\/wp\/v2\/categories?post=14564"},{"taxonomy":"post_tag","embeddable":true,"href":"https:\/\/hostnetart.com.br\/baixada\/wp-json\/wp\/v2\/tags?post=14564"}],"curies":[{"name":"wp","href":"https:\/\/api.w.org\/{rel}","templated":true}]}}