{"id":14560,"date":"2023-09-20T17:18:59","date_gmt":"2023-09-20T20:18:59","guid":{"rendered":"https:\/\/hostnetart.com.br\/baixada\/sindicato-dos-bancarios-da-baixada-fluminense-participa-de-ato-contra-juros-altos-2\/"},"modified":"2023-09-20T17:18:59","modified_gmt":"2023-09-20T20:18:59","slug":"sindicato-dos-bancarios-da-baixada-fluminense-participa-de-ato-contra-juros-altos-2","status":"publish","type":"post","link":"https:\/\/hostnetart.com.br\/baixada\/sindicato-dos-bancarios-da-baixada-fluminense-participa-de-ato-contra-juros-altos-2\/","title":{"rendered":"Sindicato dos Banc\u00e1rios da Baixada Fluminense participa de ato contra juros altos"},"content":{"rendered":"<p>O Sindicato dos Banc\u00e1rios da Baixada Fluminense esteve presente nesta quarta-feira, 20 de setembro, no\u00a0ato de protesto\u00a0para pressionar o Comit\u00ea de Pol\u00edtica Monet\u00e1ria (Copom) do Banco Central a reduzir a taxa b\u00e1sica de juros brasileira (Selic) que, atualmente, est\u00e1 em 13,25%, que ocorreu\u00a0em frente \u00e0 sede do Banco Central, no Centro do Rio de Janeiro.<\/p>\n<p>As manifesta\u00e7\u00f5es ocorreram em todo o Brasil.<\/p>\n<p>O movimento sindical avalia que a redu\u00e7\u00e3o precisa ser ainda maior,\u00a0para que o pa\u00eds alcance uma Selic inferior a dois d\u00edgitos, pelo menos. Nesse patamar elevado, o \u00edndice faz com que o pa\u00eds continue com a maior taxa de juros reais\u00a0(resultado da Selic menos a infla\u00e7\u00e3o) do mundo.<\/p>\n<p>Os protestos s\u00e3o organizados pela CUT e outras centrais, como For\u00e7a Sindical, CTB, UGT, CSB, NCST, CSP Conlutas, Intersindical e A P\u00fablica. Tamb\u00e9m est\u00e3o mobilizadas entidades sindicais, como a Confedera\u00e7\u00e3o Nacional dos Trabalhadores do Ramo Financeiro (Contraf-CUT), al\u00e9m de movimentos sociais.<\/p>\n<p>O Coordenador Geral e Vice-Presidente da\u00a0Federa\u00e7\u00e3o dos Trabalhadores do Ramo Financeiro dos Estados do Rio de Janeiro e Esp\u00edrito Santo (Fetraf-RJ\/ES),\u00a0Pedro Batista, comentou. \u201cA Selic elevada prejudica a economia brasileira. Precisamos manter este debate em evid\u00eancia e, sempre que puder, ocupar as ruas.&#8221;<\/p>\n<p><strong>AMBIENTE VIRTUAL<\/strong><\/p>\n<p>Al\u00e9m das manifesta\u00e7\u00f5es nas ruas,\u00a0foi realizado um\u00a0tuita\u00e7o com a hashtag #JurosBaixosJ\u00e1, que ficou entre os assuntos mais comentados do Twitter\/X.<\/p>\n<p><em>*confira mais fotos em nossas redes sociais\u00a0<\/em><\/p>\n<p><em><img fetchpriority=\"high\" decoding=\"async\" class=\" size-full wp-image-14559\" src=\"https:\/\/hostnetart.com.br\/baixada\/wp-content\/uploads\/2023\/09\/ato_bc_set_23__1-scaled.jpg\" width=\"2560\" height=\"1920\" srcset=\"https:\/\/hostnetart.com.br\/baixada\/wp-content\/uploads\/2023\/09\/ato_bc_set_23__1-scaled.jpg 2560w, https:\/\/hostnetart.com.br\/baixada\/wp-content\/uploads\/2023\/09\/ato_bc_set_23__1-600x450.jpg 600w, https:\/\/hostnetart.com.br\/baixada\/wp-content\/uploads\/2023\/09\/ato_bc_set_23__1-1024x768.jpg 1024w, https:\/\/hostnetart.com.br\/baixada\/wp-content\/uploads\/2023\/09\/ato_bc_set_23__1-768x576.jpg 768w, https:\/\/hostnetart.com.br\/baixada\/wp-content\/uploads\/2023\/09\/ato_bc_set_23__1-1536x1152.jpg 1536w, https:\/\/hostnetart.com.br\/baixada\/wp-content\/uploads\/2023\/09\/ato_bc_set_23__1-2048x1536.jpg 2048w\" sizes=\"(max-width: 2560px) 100vw, 2560px\" \/><\/em><\/p>\n","protected":false},"excerpt":{"rendered":"<p>O Sindicato dos Banc\u00e1rios da Baixada Fluminense esteve presente nesta quarta-feira, 20 de setembro, no\u00a0ato de protesto\u00a0para pressionar o Comit\u00ea de Pol\u00edtica Monet\u00e1ria (Copom) do Banco Central a reduzir a taxa b\u00e1sica de juros brasileira (Selic) que, atualmente, est\u00e1 em 13,25%, que ocorreu\u00a0em frente \u00e0 sede do Banco Central, no Centro do Rio de Janeiro. [&hellip;]<\/p>\n","protected":false},"author":2,"featured_media":14558,"comment_status":"","ping_status":"","sticky":false,"template":"","format":"standard","meta":{"footnotes":""},"categories":[3],"tags":[],"class_list":["post-14560","post","type-post","status-publish","format-standard","has-post-thumbnail","hentry","category-noticias"],"_links":{"self":[{"href":"https:\/\/hostnetart.com.br\/baixada\/wp-json\/wp\/v2\/posts\/14560","targetHints":{"allow":["GET"]}}],"collection":[{"href":"https:\/\/hostnetart.com.br\/baixada\/wp-json\/wp\/v2\/posts"}],"about":[{"href":"https:\/\/hostnetart.com.br\/baixada\/wp-json\/wp\/v2\/types\/post"}],"author":[{"embeddable":true,"href":"https:\/\/hostnetart.com.br\/baixada\/wp-json\/wp\/v2\/users\/2"}],"replies":[{"embeddable":true,"href":"https:\/\/hostnetart.com.br\/baixada\/wp-json\/wp\/v2\/comments?post=14560"}],"version-history":[{"count":0,"href":"https:\/\/hostnetart.com.br\/baixada\/wp-json\/wp\/v2\/posts\/14560\/revisions"}],"wp:featuredmedia":[{"embeddable":true,"href":"https:\/\/hostnetart.com.br\/baixada\/wp-json\/wp\/v2\/media\/14558"}],"wp:attachment":[{"href":"https:\/\/hostnetart.com.br\/baixada\/wp-json\/wp\/v2\/media?parent=14560"}],"wp:term":[{"taxonomy":"category","embeddable":true,"href":"https:\/\/hostnetart.com.br\/baixada\/wp-json\/wp\/v2\/categories?post=14560"},{"taxonomy":"post_tag","embeddable":true,"href":"https:\/\/hostnetart.com.br\/baixada\/wp-json\/wp\/v2\/tags?post=14560"}],"curies":[{"name":"wp","href":"https:\/\/api.w.org\/{rel}","templated":true}]}}