{"id":14557,"date":"2023-09-20T13:57:24","date_gmt":"2023-09-20T16:57:24","guid":{"rendered":"https:\/\/hostnetart.com.br\/baixada\/aposentados-do-santander-terao-reducao-na-mensalidade-do-plano-de-saude\/"},"modified":"2023-09-20T13:57:24","modified_gmt":"2023-09-20T16:57:24","slug":"aposentados-do-santander-terao-reducao-na-mensalidade-do-plano-de-saude","status":"publish","type":"post","link":"https:\/\/hostnetart.com.br\/baixada\/aposentados-do-santander-terao-reducao-na-mensalidade-do-plano-de-saude\/","title":{"rendered":"Aposentados do Santander ter\u00e3o redu\u00e7\u00e3o na mensalidade do plano de sa\u00fade"},"content":{"rendered":"<p>Os aposentados do Santander ter\u00e3o redu\u00e7\u00e3o na mensalidade do plano de sa\u00fade depois do resultado da a\u00e7\u00e3o civil p\u00fablica de mais de nove anos do Sindicato dos Banc\u00e1rios de Porto Alegre (SindBanc\u00e1rios) contra o Santander, para a manuten\u00e7\u00e3o dos crit\u00e9rios de cobran\u00e7a do plano de sa\u00fade da \u00e9poca da contrata\u00e7\u00e3o.<\/p>\n<p>No processo, foi solicitada a suspens\u00e3o da altera\u00e7\u00e3o realizada em 2014 na forma de custeio do plano de sa\u00fade prestado pelas operadoras Bradesco Sa\u00fade, Central Nacional Unimed \/ Unimed Seguradora e Cabesp (para os funcion\u00e1rios oriundos do Banespa, admitidos at\u00e9 20\/11\/2000); o restabelecimento das condi\u00e7\u00f5es contratadas at\u00e9 ent\u00e3o; e requerido o pagamento para os substitu\u00eddos processualmente dos valores cobrados a maior em decorr\u00eancia da altera\u00e7\u00e3o ilegal no custeio do plano.<\/p>\n<p>Na \u00e9poca, todos os funcion\u00e1rios do Santander \u2013 da ativa, licenciados ou aposentados \u2013 pagavam o plano de sa\u00fade pelo custo m\u00e9dio. Ap\u00f3s a mudan\u00e7a unilateral de crit\u00e9rios, os aposentados que mantiveram o mesmo plano de sa\u00fade passaram a pagar por faixa et\u00e1ria. Isso gerou um custo maior, e \u00e9 sobre esta diferen\u00e7a que os aposentados dever\u00e3o ser ressarcidos.<\/p>\n<p>\u201cEsta \u00e9 uma vit\u00f3ria da luta coletiva. Independentemente de quem ser\u00e1 contemplado dentro da decis\u00e3o judicial, todos saem beneficiados, pois a nossa uni\u00e3o enquanto categoria se fortalece diante das arbitrariedades cometidas pelos bancos. Foram nove anos de processo, no qual fomos at\u00e9 a \u00faltima inst\u00e2ncia para garantir os direitos dos colegas\u201d, destacou o secret\u00e1rio executivo do SindBanc\u00e1rios, Luiz Cassemiro.<\/p>\n<p>Os advogados Daiane Mattos e Ricardo Pretto, s\u00f3cios do escrit\u00f3rio AVM Advogados Associados, explicaram que todos os empregados do Santander ser\u00e3o beneficiados em alguma medida pela decis\u00e3o, mas que os associados ao sindicato na \u00e9poca do ajuizamento, em 2014, que se aposentaram, j\u00e1 est\u00e3o representados pelo sindicato, pois fazem parte da lista apresentada no processo.<\/p>\n<p>A assessoria jur\u00eddica do sindicato destaca que o objetivo nesse primeiro momento da atual fase do processo \u00e9 conseguir que o banco e as operadoras dos planos de sa\u00fade cumpram a determina\u00e7\u00e3o de reestabelecer os crit\u00e9rios contratados anteriores \u00e0 altera\u00e7\u00e3o unilateral, que foi declarada ilegal, e, ap\u00f3s a diminui\u00e7\u00e3o das mensalidades, ser\u00e3o apurados no processo os c\u00e1lculos dos valores pagos a maior que dever\u00e3o ser ressarcidos aos aposentados.<\/p>\n<p>A advogada Daiane esclareceu que o pr\u00f3prio banco deve entrar em contato com a operadora do plano de sa\u00fade para fazer o ajuste. \u201cAlgumas pessoas j\u00e1 notaram a redu\u00e7\u00e3o do valor da mensalidade e outras v\u00e3o ter essa redu\u00e7\u00e3o nos pr\u00f3ximos meses\u201d, afirmou.<\/p>\n<p>Para Wanessa de Queiroz, coordenadora da Comiss\u00e3o de Organiza\u00e7\u00e3o dos Empregados (COE) do Santander, \u201ca decis\u00e3o \u00e9 muito importante pois abre preced\u00eancia para os demais sindicatos do pa\u00eds pleitearem a redu\u00e7\u00e3o no valor das mensalidades\u201d.<\/p>\n<p><strong>Fonte: Contraf-CUT<\/strong><\/p>\n","protected":false},"excerpt":{"rendered":"<p>Os aposentados do Santander ter\u00e3o redu\u00e7\u00e3o na mensalidade do plano de sa\u00fade depois do resultado da a\u00e7\u00e3o civil p\u00fablica de mais de nove anos do Sindicato dos Banc\u00e1rios de Porto Alegre (SindBanc\u00e1rios) contra o Santander, para a manuten\u00e7\u00e3o dos crit\u00e9rios de cobran\u00e7a do plano de sa\u00fade da \u00e9poca da contrata\u00e7\u00e3o. No processo, foi solicitada a [&hellip;]<\/p>\n","protected":false},"author":2,"featured_media":14556,"comment_status":"","ping_status":"","sticky":false,"template":"","format":"standard","meta":{"footnotes":""},"categories":[3],"tags":[],"class_list":["post-14557","post","type-post","status-publish","format-standard","has-post-thumbnail","hentry","category-noticias"],"_links":{"self":[{"href":"https:\/\/hostnetart.com.br\/baixada\/wp-json\/wp\/v2\/posts\/14557","targetHints":{"allow":["GET"]}}],"collection":[{"href":"https:\/\/hostnetart.com.br\/baixada\/wp-json\/wp\/v2\/posts"}],"about":[{"href":"https:\/\/hostnetart.com.br\/baixada\/wp-json\/wp\/v2\/types\/post"}],"author":[{"embeddable":true,"href":"https:\/\/hostnetart.com.br\/baixada\/wp-json\/wp\/v2\/users\/2"}],"replies":[{"embeddable":true,"href":"https:\/\/hostnetart.com.br\/baixada\/wp-json\/wp\/v2\/comments?post=14557"}],"version-history":[{"count":0,"href":"https:\/\/hostnetart.com.br\/baixada\/wp-json\/wp\/v2\/posts\/14557\/revisions"}],"wp:featuredmedia":[{"embeddable":true,"href":"https:\/\/hostnetart.com.br\/baixada\/wp-json\/wp\/v2\/media\/14556"}],"wp:attachment":[{"href":"https:\/\/hostnetart.com.br\/baixada\/wp-json\/wp\/v2\/media?parent=14557"}],"wp:term":[{"taxonomy":"category","embeddable":true,"href":"https:\/\/hostnetart.com.br\/baixada\/wp-json\/wp\/v2\/categories?post=14557"},{"taxonomy":"post_tag","embeddable":true,"href":"https:\/\/hostnetart.com.br\/baixada\/wp-json\/wp\/v2\/tags?post=14557"}],"curies":[{"name":"wp","href":"https:\/\/api.w.org\/{rel}","templated":true}]}}